{"id":142392,"date":"2022-03-05T10:58:38","date_gmt":"2022-03-05T15:58:38","guid":{"rendered":"https:\/\/linitiative.ca\/International\/le-maroc-peut-etre-fier-des-avancees-notables-realisees\/"},"modified":"2022-03-05T10:58:38","modified_gmt":"2022-03-05T15:58:38","slug":"le-maroc-peut-etre-fier-des-avancees-notables-realisees","status":"publish","type":"post","link":"https:\/\/linitiative.ca\/International\/le-maroc-peut-etre-fier-des-avancees-notables-realisees\/","title":{"rendered":"Le Maroc peut \u00eatre \u00ab\u00a0fier des avanc\u00e9es notables r\u00e9alis\u00e9es\u00a0\u00bb"},"content":{"rendered":"<div>\n<div style=\"margin-bottom:20px;\"><img loading=\"lazy\" decoding=\"async\" width=\"750\" height=\"430\" src=\"https:\/\/linitiative.ca\/International\/wp-content\/uploads\/sites\/23\/2022\/03\/al-ayoubi-copier.jpg\" class=\"attachment-post-thumbnail size-post-thumbnail wp-post-image\" alt=\"\" srcset=\"https:\/\/linitiative.ca\/International\/wp-content\/uploads\/sites\/23\/2022\/03\/al-ayoubi-copier.jpg 750w, https:\/\/www.mapmarrakech.ma\/map\/uploads\/2022\/03\/al-ayoubi-copier-300x172.jpg 300w\" sizes=\"auto, (max-width: 750px) 100vw, 750px\"><\/div>\n<p>Dans une allocution lue en son nom par le directeur de l\u2019\u00e9pid\u00e9miologie et de la lutte contre les maladies au minist\u00e8re, Mohamed El Youbi, \u00e0 l\u2019ouverture d\u2019une conf\u00e9rence internationale sur la lutte contre le Sida, le ministre a \u00e9galement soulign\u00e9 que le Royaume \u00ab\u00a0peut \u00eatre fier d\u2019\u00eatre le premier pays de la r\u00e9gion MENA \u00e0 avoir atteint le deuxi\u00e8me et troisi\u00e8me objectifs 90-90-90 depuis 2019 et les trois 90-90-90 chez les femmes en 2020, nous permettant ainsi de prendre une s\u00e9rieuse et concr\u00e8te option pour l\u2019\u00e9limination du VIH d\u2019ici 2030\u2033.<\/p>\n<p>Et M. Ait Taleb de poursuivre que le Maroc est mobilis\u00e9 pour la lutte contre le Sida depuis le d\u00e9but de l\u2019\u00e9pid\u00e9mie mondiale, avec une culture ancr\u00e9e de partenariat, impliquant les d\u00e9partements gouvernementaux et les organisations de la soci\u00e9t\u00e9 civile, sans oublier l\u2019appui des partenaires financiers et techniques internationaux, notant que cette lutte qui b\u00e9n\u00e9ficie d\u2019un engagement politique au plus haut niveau est appuy\u00e9e par diff\u00e9rentes r\u00e9formes et chantiers men\u00e9s sous la conduite \u00e9clair\u00e9e de Sa Majest\u00e9 le Roi Mohammed VI.<\/p>\n<p>Le minist\u00e8re de la Sant\u00e9 avait mis en place son Programme National de Lutte contre la Sida peu apr\u00e8s la d\u00e9tection du 1er cas en 1986, a-t-il rappel\u00e9, pr\u00e9cisant qu\u2019\u00e0 partir de 2003, la lutte s\u2019est organis\u00e9e sous forme de cinq plans strat\u00e9giques nationaux, con\u00e7us et mis en \u0153uvre avec l\u2019ensemble des partenaires nationaux et internationaux.<\/p>\n<p>Le plan strat\u00e9gique en cours (2020-2023) vise \u00e0 r\u00e9duire les nouvelles infections et la mortalit\u00e9 au VIH de 50%, r\u00e9duire la stigmatisation et la discrimination li\u00e9es au VIH et \u00e0 renforcer la gouvernance et le partenariat pour l\u2019acc\u00e9l\u00e9ration et la durabilit\u00e9 de la riposte nationale, a not\u00e9 le ministre.<\/p>\n<p>Organis\u00e9e \u00e0 \u00e0 l\u2019occasion des 40 ans de lutte contre le Sida par le Cercle Eug\u00e8ne Delacroix, en partenariat avec la ville d\u2019Essaouira et Bayt Dakira, cette grande conf\u00e9rence se veut l\u2019occasion de mettre en lumi\u00e8re les actions de lutte mises en \u0153uvre au Maroc et en France pour mettre fin \u00e0 la propagation du VIH.<\/p>\n<p>Ce conclave, qui co\u00efncide avec les 20 ans du Fonds mondial, vise essentiellement \u00e0 mettre en lumi\u00e8re les actions des \u00e9lus locaux dans la lutte contre le Sida en France et au Maroc, en collaboration avec \u00c9lus Locaux Contre le Sida, une association d\u2019\u00e9lus locaux fran\u00e7ais contre le Sida et l\u2019AIMF, Association Internationale des Maires Francophones.<\/p>\n<p>Cette conf\u00e9rence a \u00e9galement pour objectifs de lancer l&rsquo;\u00a0\u00bbAppel d\u2019Essaouira\u00a0\u00bb pour alerter les gouvernements et les bailleurs de la sant\u00e9 mondiale sur la n\u00e9cessit\u00e9 de renforcer les moyens dans le financement du Fonds Mondial et d\u2019Unitaid, et enfin, d\u2019apporter un soutien \u00e0 l\u2019Association marocaine de lutte contre le Sida (ALCS) qui r\u00e9alise un travail remarquable au quotidien dans le Royaume.<\/p>\n<p>The post <a rel=\"nofollow\" href=\"https:\/\/www.mapmarrakech.ma\/fr\/le-maroc-peut-etre-fier-des-avancees-notables-realisees\/\">Le Maroc peut \u00eatre \u00ab\u00a0fier des avanc\u00e9es notables r\u00e9alis\u00e9es\u00a0\u00bb<\/a> appeared first on <a rel=\"nofollow\" href=\"https:\/\/www.mapmarrakech.ma\/fr\">MapMarrakech<\/a>.<\/p>\n<\/div>\n<p>Auteur: Meriem IGASS<br \/>\n<a href=\"https:\/\/www.mapmarrakech.ma\/fr\/le-maroc-peut-etre-fier-des-avancees-notables-realisees\/\">Cliquez ici pour lire l&rsquo;article depuis sa source.<\/a><\/p>\n","protected":false},"excerpt":{"rendered":"<p>Dans une allocution lue en son nom par le directeur de l\u2019\u00e9pid\u00e9miologie et de la lutte contre les maladies au minist\u00e8re, Mohamed El Youbi, \u00e0 l\u2019ouverture d\u2019une conf\u00e9rence internationale sur la lutte contre le Sida, le ministre a \u00e9galement soulign\u00e9 que le Royaume \u00ab\u00a0peut \u00eatre fier d\u2019\u00eatre le premier pays de la r\u00e9gion MENA \u00e0 [&hellip;]<\/p>\n","protected":false},"author":1788,"featured_media":0,"comment_status":"closed","ping_status":"closed","sticky":false,"template":"","format":"standard","meta":{"fifu_image_url":"https:\/\/www.mapmarrakech.ma\/map\/uploads\/2022\/03\/al-ayoubi-copier.jpg","fifu_image_alt":"Le Maroc peut \u00eatre \u00ab\u00a0fier des avanc\u00e9es notables r\u00e9alis\u00e9es\u00a0\u00bb","footnotes":""},"categories":[54,76],"tags":[],"class_list":["post-142392","post","type-post","status-publish","format-standard","hentry","category-maroc","category-regions"],"_links":{"self":[{"href":"https:\/\/linitiative.ca\/International\/wp-json\/wp\/v2\/posts\/142392","targetHints":{"allow":["GET"]}}],"collection":[{"href":"https:\/\/linitiative.ca\/International\/wp-json\/wp\/v2\/posts"}],"about":[{"href":"https:\/\/linitiative.ca\/International\/wp-json\/wp\/v2\/types\/post"}],"author":[{"embeddable":true,"href":"https:\/\/linitiative.ca\/International\/wp-json\/wp\/v2\/users\/1788"}],"replies":[{"embeddable":true,"href":"https:\/\/linitiative.ca\/International\/wp-json\/wp\/v2\/comments?post=142392"}],"version-history":[{"count":0,"href":"https:\/\/linitiative.ca\/International\/wp-json\/wp\/v2\/posts\/142392\/revisions"}],"wp:attachment":[{"href":"https:\/\/linitiative.ca\/International\/wp-json\/wp\/v2\/media?parent=142392"}],"wp:term":[{"taxonomy":"category","embeddable":true,"href":"https:\/\/linitiative.ca\/International\/wp-json\/wp\/v2\/categories?post=142392"},{"taxonomy":"post_tag","embeddable":true,"href":"https:\/\/linitiative.ca\/International\/wp-json\/wp\/v2\/tags?post=142392"}],"curies":[{"name":"wp","href":"https:\/\/api.w.org\/{rel}","templated":true}]}}