{"id":142394,"date":"2022-03-05T11:07:05","date_gmt":"2022-03-05T16:07:05","guid":{"rendered":"https:\/\/linitiative.ca\/International\/lappel-dessaouira-sera-celui-de-lespoir-et-de-la-lucidite\/"},"modified":"2022-03-05T11:07:05","modified_gmt":"2022-03-05T16:07:05","slug":"lappel-dessaouira-sera-celui-de-lespoir-et-de-la-lucidite","status":"publish","type":"post","link":"https:\/\/linitiative.ca\/International\/lappel-dessaouira-sera-celui-de-lespoir-et-de-la-lucidite\/","title":{"rendered":"L\u2019Appel d\u2019Essaouira sera celui de l\u2019espoir et de la lucidit\u00e9"},"content":{"rendered":"<div>\n<div style=\"margin-bottom:20px;\"><img loading=\"lazy\" decoding=\"async\" width=\"750\" height=\"430\" src=\"https:\/\/linitiative.ca\/International\/wp-content\/uploads\/sites\/23\/2022\/03\/AndrC3A9-Azoulay-copier.jpg\" class=\"attachment-post-thumbnail size-post-thumbnail wp-post-image\" alt=\"\" srcset=\"https:\/\/linitiative.ca\/International\/wp-content\/uploads\/sites\/23\/2022\/03\/AndrC3A9-Azoulay-copier.jpg 750w, https:\/\/www.mapmarrakech.ma\/map\/uploads\/2022\/03\/Andr\u00e9-Azoulay-copier-300x172.jpg 300w\" sizes=\"auto, (max-width: 750px) 100vw, 750px\"><\/div>\n<p>Dans un message lu en son nom par Mme Habiba Bigdade ,vice-pr\u00e9sidente du Cercle Eug\u00e8ne Delacroix \u00e0 l\u2019ouverture de cet important conclave, M. Azoulay a expliqu\u00e9 que l\u2019Appel d\u2019Essaouira auquel les participants travailleront deux jours durant \u00ab\u00a0sera j\u2019en suis convaincu celui de l\u2019espoir, de la lucidit\u00e9 et de l\u2019esprit de responsabilit\u00e9, car chacun sait que pour faire face \u00e0 la pand\u00e9mie de la Covid-19, il a fallu faire moins ailleurs et pour la premi\u00e8re fois depuis le lancement du Fonds mondial, il y a 20 ans, de nombreux indicateurs de sant\u00e9 ont sensiblement r\u00e9gress\u00e9 en 2020 et 2021\u00a0\u00bb.<\/p>\n<p>\u00ab\u00a0Depuis Bayt Dakira, espace de raison et de p\u00e9dagogie par excellence, votre Appel sera entendu et vous aurez ainsi contribu\u00e9 \u00e0 l\u2019\u00e9bauche d\u2019une autre feuille de route se fixant comme objectif le retour prioritaire \u00e0 l\u2019investissement dans la recherche scientifique et dans la mise en place des infrastructures de sant\u00e9 dont on a compris au fil de la pand\u00e9mie de la Covid-19 la centralit\u00e9 et l\u2019imp\u00e9rieuse n\u00e9cessit\u00e9\u00a0\u00bb, a soulign\u00e9 M. Azoulay.<\/p>\n<p>\u00ab\u00a0Ce weekend souiri fera date \u00e0 bien des \u00e9gards en nous permettant de faire une halte d\u2019\u00e9tape qui nous aidera \u00e0 prendre la juste mesure, s\u2019agissant du Sida, et bien au-del\u00e0 des progr\u00e8s r\u00e9alis\u00e9s par la communaut\u00e9 des Nations confront\u00e9e en mati\u00e8re de sant\u00e9 \u00e0 l\u2019un des d\u00e9fis majeurs de notre temps\u00a0\u00bb, a-t-il soutenu.<\/p>\n<p>Alors que s\u2019esquissent les premi\u00e8res lueurs de la p\u00e9riode post-Covid et au sortir de plus de deux ans de doutes, de craintes et d\u2019incertitudes, lourdes de trag\u00e9dies, les travaux de cette conf\u00e9rence seront ceux de \u00ab\u00a0l\u2019espoir reconstruit et de la confiance restaur\u00e9e en rappelant, entre autres, que depuis sa cr\u00e9ation en 2002 le Fonds mondial mis en place pour faire face au Sida, \u00e0 la tuberculose et au paludisme a sauv\u00e9 pr\u00e8s de 40 millions de vies, diminuant ainsi de presque de moiti\u00e9 le nombre de d\u00e9c\u00e8s attribu\u00e9s \u00e0 ces pand\u00e9mies\u00a0\u00bb, a conclu le Conseiller de SM le Roi.<\/p>\n<p>The post <a rel=\"nofollow\" href=\"https:\/\/www.mapmarrakech.ma\/fr\/lappel-dessaouira-sera-celui-de-lespoir-et-de-lesprit-de-responsabilite\/\">L\u2019Appel d\u2019Essaouira sera celui de l\u2019espoir et de la lucidit\u00e9<\/a> appeared first on <a rel=\"nofollow\" href=\"https:\/\/www.mapmarrakech.ma\/fr\">MapMarrakech<\/a>.<\/p>\n<\/div>\n<p>Auteur: Meriem IGASS<br \/>\n<a href=\"https:\/\/www.mapmarrakech.ma\/fr\/lappel-dessaouira-sera-celui-de-lespoir-et-de-lesprit-de-responsabilite\/\">Cliquez ici pour lire l&rsquo;article depuis sa source.<\/a><\/p>\n","protected":false},"excerpt":{"rendered":"<p>Dans un message lu en son nom par Mme Habiba Bigdade ,vice-pr\u00e9sidente du Cercle Eug\u00e8ne Delacroix \u00e0 l\u2019ouverture de cet important conclave, M. Azoulay a expliqu\u00e9 que l\u2019Appel d\u2019Essaouira auquel les participants travailleront deux jours durant \u00ab\u00a0sera j\u2019en suis convaincu celui de l\u2019espoir, de la lucidit\u00e9 et de l\u2019esprit de responsabilit\u00e9, car chacun sait que [&hellip;]<\/p>\n","protected":false},"author":1788,"featured_media":0,"comment_status":"closed","ping_status":"closed","sticky":false,"template":"","format":"standard","meta":{"fifu_image_url":"https:\/\/www.mapmarrakech.ma\/map\/uploads\/2022\/03\/Andr\u00e9-Azoulay-copier.jpg","fifu_image_alt":"L\u2019Appel d\u2019Essaouira sera celui de l\u2019espoir et de la lucidit\u00e9","footnotes":""},"categories":[54,76],"tags":[],"class_list":["post-142394","post","type-post","status-publish","format-standard","hentry","category-maroc","category-regions"],"_links":{"self":[{"href":"https:\/\/linitiative.ca\/International\/wp-json\/wp\/v2\/posts\/142394","targetHints":{"allow":["GET"]}}],"collection":[{"href":"https:\/\/linitiative.ca\/International\/wp-json\/wp\/v2\/posts"}],"about":[{"href":"https:\/\/linitiative.ca\/International\/wp-json\/wp\/v2\/types\/post"}],"author":[{"embeddable":true,"href":"https:\/\/linitiative.ca\/International\/wp-json\/wp\/v2\/users\/1788"}],"replies":[{"embeddable":true,"href":"https:\/\/linitiative.ca\/International\/wp-json\/wp\/v2\/comments?post=142394"}],"version-history":[{"count":0,"href":"https:\/\/linitiative.ca\/International\/wp-json\/wp\/v2\/posts\/142394\/revisions"}],"wp:attachment":[{"href":"https:\/\/linitiative.ca\/International\/wp-json\/wp\/v2\/media?parent=142394"}],"wp:term":[{"taxonomy":"category","embeddable":true,"href":"https:\/\/linitiative.ca\/International\/wp-json\/wp\/v2\/categories?post=142394"},{"taxonomy":"post_tag","embeddable":true,"href":"https:\/\/linitiative.ca\/International\/wp-json\/wp\/v2\/tags?post=142394"}],"curies":[{"name":"wp","href":"https:\/\/api.w.org\/{rel}","templated":true}]}}