{"id":142404,"date":"2022-03-05T12:14:04","date_gmt":"2022-03-05T17:14:04","guid":{"rendered":"https:\/\/linitiative.ca\/International\/ukraine-ram-lance-de-nouveaux-vols-speciaux\/"},"modified":"2022-03-05T12:14:04","modified_gmt":"2022-03-05T17:14:04","slug":"ukraine-ram-lance-de-nouveaux-vols-speciaux","status":"publish","type":"post","link":"https:\/\/linitiative.ca\/International\/ukraine-ram-lance-de-nouveaux-vols-speciaux\/","title":{"rendered":"Ukraine: RAM lance de nouveaux vols sp\u00e9ciaux"},"content":{"rendered":"<div>\n<div class=\"field field-name-body field-type-text-with-summary field-label-hidden\">\n<div class=\"field-items\">\n<div class=\"field-item even\" property=\"content:encoded\">\n<p>La compagnie a\u00e9rienne nationale Royal Air Maroc (RAM) a annonc\u00e9, samedi, le lancement de nouveaux vols sp\u00e9ciaux en faveur des Marocains \u00e9tablis en Ukraine.<\/p>\n<p>Ces vols seront op\u00e9r\u00e9s les 07 et 08 mars 2022, au d\u00e9part de Budapest (Hongrie) \u00e0 destination de Casablanca au m\u00eame tarif fixe de 750 dirhams TTC, fait savoir la m\u00eame source dans un tweet.<\/p>\n<p>Les billets sont disponibles \u00e0 la vente sur le site Internet de la compagnie nationale (<a href=\"http:\/\/www.royalairmaroc.com\/\">www.royalairmaroc.com<\/a>), pr\u00e9cise-t-on.<\/p>\n<\/div>\n<\/div>\n<\/div>\n<\/div>\n<p>Auteur: mbasraoui<br \/>\n<a href=\"https:\/\/www.leconomiste.com\/flash-infos\/ukraine-ram-lance-de-nouveaux-vols-speciaux\">Cliquez ici pour lire l&rsquo;article depuis sa source.<\/a><\/p>\n","protected":false},"excerpt":{"rendered":"<p>La compagnie a\u00e9rienne nationale Royal Air Maroc (RAM) a annonc\u00e9, samedi, le lancement de nouveaux vols sp\u00e9ciaux en faveur des Marocains \u00e9tablis en Ukraine. Ces vols seront op\u00e9r\u00e9s les 07 et 08 mars 2022, au d\u00e9part de Budapest (Hongrie) \u00e0 destination de Casablanca au m\u00eame tarif fixe de 750 dirhams TTC, fait savoir la m\u00eame [&hellip;]<\/p>\n","protected":false},"author":1763,"featured_media":0,"comment_status":"closed","ping_status":"closed","sticky":false,"template":"","format":"standard","meta":{"fifu_image_url":"","fifu_image_alt":"","footnotes":""},"categories":[78,54],"tags":[],"class_list":["post-142404","post","type-post","status-publish","format-standard","hentry","category-economie","category-maroc"],"_links":{"self":[{"href":"https:\/\/linitiative.ca\/International\/wp-json\/wp\/v2\/posts\/142404","targetHints":{"allow":["GET"]}}],"collection":[{"href":"https:\/\/linitiative.ca\/International\/wp-json\/wp\/v2\/posts"}],"about":[{"href":"https:\/\/linitiative.ca\/International\/wp-json\/wp\/v2\/types\/post"}],"author":[{"embeddable":true,"href":"https:\/\/linitiative.ca\/International\/wp-json\/wp\/v2\/users\/1763"}],"replies":[{"embeddable":true,"href":"https:\/\/linitiative.ca\/International\/wp-json\/wp\/v2\/comments?post=142404"}],"version-history":[{"count":0,"href":"https:\/\/linitiative.ca\/International\/wp-json\/wp\/v2\/posts\/142404\/revisions"}],"wp:attachment":[{"href":"https:\/\/linitiative.ca\/International\/wp-json\/wp\/v2\/media?parent=142404"}],"wp:term":[{"taxonomy":"category","embeddable":true,"href":"https:\/\/linitiative.ca\/International\/wp-json\/wp\/v2\/categories?post=142404"},{"taxonomy":"post_tag","embeddable":true,"href":"https:\/\/linitiative.ca\/International\/wp-json\/wp\/v2\/tags?post=142404"}],"curies":[{"name":"wp","href":"https:\/\/api.w.org\/{rel}","templated":true}]}}