{"id":142405,"date":"2022-03-05T12:20:12","date_gmt":"2022-03-05T17:20:12","guid":{"rendered":"https:\/\/linitiative.ca\/International\/cour-des-comptes-installation-des-responsables-de-juridictions-financieres\/"},"modified":"2022-03-05T12:20:12","modified_gmt":"2022-03-05T17:20:12","slug":"cour-des-comptes-installation-des-responsables-de-juridictions-financieres","status":"publish","type":"post","link":"https:\/\/linitiative.ca\/International\/cour-des-comptes-installation-des-responsables-de-juridictions-financieres\/","title":{"rendered":"Cour des comptes: Installation des responsables de juridictions financi\u00e8res"},"content":{"rendered":"<div>\n<div class=\"field field-name-body field-type-text-with-summary field-label-hidden\">\n<div class=\"field-items\">\n<div class=\"field-item even\" property=\"content:encoded\">\n<p>Sous la pr\u00e9sidence du premier pr\u00e9sident de la Cour des Comptes, Zineb El Adaoui, l\u2019installation du secr\u00e9taire g\u00e9n\u00e9ral de la Cour des comptes et de plusieurs responsables de juridictions financi\u00e8res relevant de la m\u00eame Cour, s&rsquo;est tenue vendredi \u00e0 Rabat.\u00a0<\/p>\n<p>En plus du secr\u00e9taire g\u00e9n\u00e9ral de la Cour des comptes, les nouvelles nominations ont concern\u00e9 six Pr\u00e9sidents de chambres \u00e0 la m\u00eame Cour, 11 Pr\u00e9sidents de Cours r\u00e9gionales des comptes et six Pr\u00e9sidents de sections au niveau de ces Cours r\u00e9gionales, indique la Cour.\u00a0<\/p>\n<\/div>\n<\/div>\n<\/div>\n<\/div>\n<p>Auteur: mbasraoui<br \/>\n<a href=\"https:\/\/www.leconomiste.com\/flash-infos\/cour-des-comptes-installation-des-responsables-de-juridictions-financieres\">Cliquez ici pour lire l&rsquo;article depuis sa source.<\/a><\/p>\n","protected":false},"excerpt":{"rendered":"<p>Sous la pr\u00e9sidence du premier pr\u00e9sident de la Cour des Comptes, Zineb El Adaoui, l\u2019installation du secr\u00e9taire g\u00e9n\u00e9ral de la Cour des comptes et de plusieurs responsables de juridictions financi\u00e8res relevant de la m\u00eame Cour, s&rsquo;est tenue vendredi \u00e0 Rabat.\u00a0 En plus du secr\u00e9taire g\u00e9n\u00e9ral de la Cour des comptes, les nouvelles nominations ont concern\u00e9 [&hellip;]<\/p>\n","protected":false},"author":1763,"featured_media":0,"comment_status":"closed","ping_status":"closed","sticky":false,"template":"","format":"standard","meta":{"fifu_image_url":"","fifu_image_alt":"","footnotes":""},"categories":[78,54],"tags":[],"class_list":["post-142405","post","type-post","status-publish","format-standard","hentry","category-economie","category-maroc"],"_links":{"self":[{"href":"https:\/\/linitiative.ca\/International\/wp-json\/wp\/v2\/posts\/142405","targetHints":{"allow":["GET"]}}],"collection":[{"href":"https:\/\/linitiative.ca\/International\/wp-json\/wp\/v2\/posts"}],"about":[{"href":"https:\/\/linitiative.ca\/International\/wp-json\/wp\/v2\/types\/post"}],"author":[{"embeddable":true,"href":"https:\/\/linitiative.ca\/International\/wp-json\/wp\/v2\/users\/1763"}],"replies":[{"embeddable":true,"href":"https:\/\/linitiative.ca\/International\/wp-json\/wp\/v2\/comments?post=142405"}],"version-history":[{"count":0,"href":"https:\/\/linitiative.ca\/International\/wp-json\/wp\/v2\/posts\/142405\/revisions"}],"wp:attachment":[{"href":"https:\/\/linitiative.ca\/International\/wp-json\/wp\/v2\/media?parent=142405"}],"wp:term":[{"taxonomy":"category","embeddable":true,"href":"https:\/\/linitiative.ca\/International\/wp-json\/wp\/v2\/categories?post=142405"},{"taxonomy":"post_tag","embeddable":true,"href":"https:\/\/linitiative.ca\/International\/wp-json\/wp\/v2\/tags?post=142405"}],"curies":[{"name":"wp","href":"https:\/\/api.w.org\/{rel}","templated":true}]}}