{"id":142406,"date":"2022-03-05T12:24:49","date_gmt":"2022-03-05T17:24:49","guid":{"rendered":"https:\/\/linitiative.ca\/International\/le-kremlin-estime-que-loccident-se-comporte-comme-un-bandit\/"},"modified":"2022-03-05T12:24:49","modified_gmt":"2022-03-05T17:24:49","slug":"le-kremlin-estime-que-loccident-se-comporte-comme-un-bandit","status":"publish","type":"post","link":"https:\/\/linitiative.ca\/International\/le-kremlin-estime-que-loccident-se-comporte-comme-un-bandit\/","title":{"rendered":"Le Kremlin estime que l&rsquo;Occident se comporte comme un bandit"},"content":{"rendered":"<div>\n<div class=\"field field-name-body field-type-text-with-summary field-label-hidden\">\n<div class=\"field-items\">\n<div class=\"field-item even\" property=\"content:encoded\">\n<p class=\"rtejustify\">Le Kremlin a estim\u00e9, samedi, que l&rsquo;Occident se comportait comme un bandit en coupant ses relations \u00e9conomiques avec Moscou en raison de la guerre en Ukraine, mais que la Russie \u00e9tait bien trop grande pour \u00eatre isol\u00e9e, le monde \u00e9tant bien plus vaste que les \u00c9tats-Unis et l&rsquo;Europe.<\/p>\n<p class=\"rtejustify\">Le porte-parole du Kremlin, Dmitri Peskov, a d\u00e9clar\u00e9 aux journalistes que l&rsquo;Occident se livrait \u00e0 un \u00ab\u00a0banditisme \u00e9conomique\u00a0\u00bb contre la Russie et que Moscou r\u00e9pondrait.<\/p>\n<\/div>\n<\/div>\n<\/div>\n<\/div>\n<p>Auteur: mbasraoui<br \/>\n<a href=\"https:\/\/www.leconomiste.com\/flash-infos\/le-kremlin-estime-que-l-occident-se-comporte-comme-un-bandit\">Cliquez ici pour lire l&rsquo;article depuis sa source.<\/a><\/p>\n","protected":false},"excerpt":{"rendered":"<p>Le Kremlin a estim\u00e9, samedi, que l&rsquo;Occident se comportait comme un bandit en coupant ses relations \u00e9conomiques avec Moscou en raison de la guerre en Ukraine, mais que la Russie \u00e9tait bien trop grande pour \u00eatre isol\u00e9e, le monde \u00e9tant bien plus vaste que les \u00c9tats-Unis et l&rsquo;Europe. Le porte-parole du Kremlin, Dmitri Peskov, a [&hellip;]<\/p>\n","protected":false},"author":1763,"featured_media":0,"comment_status":"closed","ping_status":"closed","sticky":false,"template":"","format":"standard","meta":{"fifu_image_url":"","fifu_image_alt":"","footnotes":""},"categories":[78,54],"tags":[],"class_list":["post-142406","post","type-post","status-publish","format-standard","hentry","category-economie","category-maroc"],"_links":{"self":[{"href":"https:\/\/linitiative.ca\/International\/wp-json\/wp\/v2\/posts\/142406","targetHints":{"allow":["GET"]}}],"collection":[{"href":"https:\/\/linitiative.ca\/International\/wp-json\/wp\/v2\/posts"}],"about":[{"href":"https:\/\/linitiative.ca\/International\/wp-json\/wp\/v2\/types\/post"}],"author":[{"embeddable":true,"href":"https:\/\/linitiative.ca\/International\/wp-json\/wp\/v2\/users\/1763"}],"replies":[{"embeddable":true,"href":"https:\/\/linitiative.ca\/International\/wp-json\/wp\/v2\/comments?post=142406"}],"version-history":[{"count":0,"href":"https:\/\/linitiative.ca\/International\/wp-json\/wp\/v2\/posts\/142406\/revisions"}],"wp:attachment":[{"href":"https:\/\/linitiative.ca\/International\/wp-json\/wp\/v2\/media?parent=142406"}],"wp:term":[{"taxonomy":"category","embeddable":true,"href":"https:\/\/linitiative.ca\/International\/wp-json\/wp\/v2\/categories?post=142406"},{"taxonomy":"post_tag","embeddable":true,"href":"https:\/\/linitiative.ca\/International\/wp-json\/wp\/v2\/tags?post=142406"}],"curies":[{"name":"wp","href":"https:\/\/api.w.org\/{rel}","templated":true}]}}