{"id":142410,"date":"2022-03-05T13:56:00","date_gmt":"2022-03-05T18:56:00","guid":{"rendered":"https:\/\/linitiative.ca\/International\/aissaoui-defenseur-central-de-parme-ac-jai-repondu-sans-hesiter-a-lappel-de-lalgerie\/"},"modified":"2022-03-05T13:56:00","modified_gmt":"2022-03-05T18:56:00","slug":"aissaoui-defenseur-central-de-parme-ac-jai-repondu-sans-hesiter-a-lappel-de-lalgerie","status":"publish","type":"post","link":"https:\/\/linitiative.ca\/International\/aissaoui-defenseur-central-de-parme-ac-jai-repondu-sans-hesiter-a-lappel-de-lalgerie\/","title":{"rendered":"A\u00efssaoui (d\u00e9fenseur central de Parme AC : \u00abJ\u2019ai r\u00e9pondu sans h\u00e9siter \u00e0 l\u2019appel de l\u2019Alg\u00e9rie\u00bb"},"content":{"rendered":"<div>\u00abRendre mon papa et ma famille fiers de moi est un sentiment difficile \u00e0 d\u00e9crire\u00bb<\/div>\n<p>Auteur:<br \/>\n<a href=\"https:\/\/www.lebuteur.com\/article\/detail?titre=aissaoui-defenseur-central-de-parme-ac-jai-repondu-sans-hesiter-a-lappel-de-lalgerie&#038;id=102428\">Cliquez ici pour lire l&rsquo;article depuis sa source.<\/a><\/p>\n","protected":false},"excerpt":{"rendered":"<p>\u00abRendre mon papa et ma famille fiers de moi est un sentiment difficile \u00e0 d\u00e9crire\u00bb Auteur: Cliquez ici pour lire l&rsquo;article depuis sa source.<\/p>\n","protected":false},"author":1738,"featured_media":0,"comment_status":"closed","ping_status":"closed","sticky":false,"template":"","format":"standard","meta":{"fifu_image_url":"","fifu_image_alt":"","footnotes":""},"categories":[53,75],"tags":[],"class_list":["post-142410","post","type-post","status-publish","format-standard","hentry","category-algerie","category-sport"],"_links":{"self":[{"href":"https:\/\/linitiative.ca\/International\/wp-json\/wp\/v2\/posts\/142410","targetHints":{"allow":["GET"]}}],"collection":[{"href":"https:\/\/linitiative.ca\/International\/wp-json\/wp\/v2\/posts"}],"about":[{"href":"https:\/\/linitiative.ca\/International\/wp-json\/wp\/v2\/types\/post"}],"author":[{"embeddable":true,"href":"https:\/\/linitiative.ca\/International\/wp-json\/wp\/v2\/users\/1738"}],"replies":[{"embeddable":true,"href":"https:\/\/linitiative.ca\/International\/wp-json\/wp\/v2\/comments?post=142410"}],"version-history":[{"count":0,"href":"https:\/\/linitiative.ca\/International\/wp-json\/wp\/v2\/posts\/142410\/revisions"}],"wp:attachment":[{"href":"https:\/\/linitiative.ca\/International\/wp-json\/wp\/v2\/media?parent=142410"}],"wp:term":[{"taxonomy":"category","embeddable":true,"href":"https:\/\/linitiative.ca\/International\/wp-json\/wp\/v2\/categories?post=142410"},{"taxonomy":"post_tag","embeddable":true,"href":"https:\/\/linitiative.ca\/International\/wp-json\/wp\/v2\/tags?post=142410"}],"curies":[{"name":"wp","href":"https:\/\/api.w.org\/{rel}","templated":true}]}}