{"id":142412,"date":"2022-03-05T03:00:00","date_gmt":"2022-03-05T08:00:00","guid":{"rendered":"https:\/\/linitiative.ca\/International\/adel-megdiche-par-abderrazak-cherait-les-etoiles-ne-sauraient-palir\/"},"modified":"2022-03-05T03:00:00","modified_gmt":"2022-03-05T08:00:00","slug":"adel-megdiche-par-abderrazak-cherait-les-etoiles-ne-sauraient-palir","status":"publish","type":"post","link":"https:\/\/linitiative.ca\/International\/adel-megdiche-par-abderrazak-cherait-les-etoiles-ne-sauraient-palir\/","title":{"rendered":"Adel M\u00e9gdiche, par Abderrazak Ch\u00e9ra\u00eft : Les \u00e9toiles ne sauraient p\u00e2lir"},"content":{"rendered":"<div><img decoding=\"async\" src=\"https:\/\/linitiative.ca\/International\/wp-content\/uploads\/sites\/23\/2022\/03\/1646411453_article.jpg\" alt=\"Adel M\u00e9gdiche in memoriam: Les \u00e9toiles ne sauraient p\u00e2lir\" align=\"left\">Abderrazak Ch\u00e9ra\u00eft &#8211; La vie est ainsi faite qu\u2019\u00e0 intervalles plus ou moins espac\u00e9s notre monde s\u2019assombrit par l\u2019extinction d\u2019une \u00e9toile qui scintillait dans un coin de notre ciel et lui apportait sa part de lumi\u00e8re et de chaleur. C\u2019est la situation que je vis depuis la disparition, jeudi 27 janvier dernier, de mon ami, mon complice, Adel M\u00e9gdiche. Quarante jours se sont d\u00e9j\u00e0 \u00e9coul\u00e9s depuis ce d\u00e9part, mais que comptent les jours, les semaines, les mois et les ans devant l\u2019\u00e9ternit\u00e9?<br \/>\nAmi et complice, disais-je? Et comment! Etions-nous faits, Adel et moi, pour nous rencontrer un jour du milieu des ann\u00e9es 80 du si\u00e8cle dernier et nous lier pour le restant de nos &#8230;<\/p>\n<\/div>\n<p>Auteur:<br \/>\n<a href=\"https:\/\/www.leaders.com.tn\/article\/33044-adel-megdiche-par-abderrazak-cherait-les-etoiles-ne-sauraient-palir\">Cliquez ici pour lire l&rsquo;article depuis sa source.<\/a><\/p>\n","protected":false},"excerpt":{"rendered":"<p>Abderrazak Ch\u00e9ra\u00eft &#8211; La vie est ainsi faite qu\u2019\u00e0 intervalles plus ou moins espac\u00e9s notre monde s\u2019assombrit par l\u2019extinction d\u2019une \u00e9toile qui scintillait dans un coin de notre ciel et lui apportait sa part de lumi\u00e8re et de chaleur. C\u2019est la situation que je vis depuis la disparition, jeudi 27 janvier dernier, de mon ami, [&hellip;]<\/p>\n","protected":false},"author":1772,"featured_media":0,"comment_status":"closed","ping_status":"closed","sticky":false,"template":"","format":"standard","meta":{"fifu_image_url":"http:\/\/www.leaders.com.tn\/uploads\/content\/thumbnails_small\/1646411453_article.jpg","fifu_image_alt":"Adel M\u00e9gdiche, par Abderrazak Ch\u00e9ra\u00eft : Les \u00e9toiles ne sauraient p\u00e2lir","footnotes":""},"categories":[73,55],"tags":[],"class_list":["post-142412","post","type-post","status-publish","format-standard","hentry","category-actualite","category-tunisie"],"_links":{"self":[{"href":"https:\/\/linitiative.ca\/International\/wp-json\/wp\/v2\/posts\/142412","targetHints":{"allow":["GET"]}}],"collection":[{"href":"https:\/\/linitiative.ca\/International\/wp-json\/wp\/v2\/posts"}],"about":[{"href":"https:\/\/linitiative.ca\/International\/wp-json\/wp\/v2\/types\/post"}],"author":[{"embeddable":true,"href":"https:\/\/linitiative.ca\/International\/wp-json\/wp\/v2\/users\/1772"}],"replies":[{"embeddable":true,"href":"https:\/\/linitiative.ca\/International\/wp-json\/wp\/v2\/comments?post=142412"}],"version-history":[{"count":0,"href":"https:\/\/linitiative.ca\/International\/wp-json\/wp\/v2\/posts\/142412\/revisions"}],"wp:attachment":[{"href":"https:\/\/linitiative.ca\/International\/wp-json\/wp\/v2\/media?parent=142412"}],"wp:term":[{"taxonomy":"category","embeddable":true,"href":"https:\/\/linitiative.ca\/International\/wp-json\/wp\/v2\/categories?post=142412"},{"taxonomy":"post_tag","embeddable":true,"href":"https:\/\/linitiative.ca\/International\/wp-json\/wp\/v2\/tags?post=142412"}],"curies":[{"name":"wp","href":"https:\/\/api.w.org\/{rel}","templated":true}]}}