{"id":142414,"date":"2022-03-05T10:47:25","date_gmt":"2022-03-05T15:47:25","guid":{"rendered":"https:\/\/linitiative.ca\/International\/des-performances-remarquables-pour-chery-en-amerique-centrale-et-en-amerique-du-sud\/"},"modified":"2022-03-05T10:47:25","modified_gmt":"2022-03-05T15:47:25","slug":"des-performances-remarquables-pour-chery-en-amerique-centrale-et-en-amerique-du-sud","status":"publish","type":"post","link":"https:\/\/linitiative.ca\/International\/des-performances-remarquables-pour-chery-en-amerique-centrale-et-en-amerique-du-sud\/","title":{"rendered":"Des performances remarquables pour Chery en Am\u00e9rique centrale et en Am\u00e9rique du Sud"},"content":{"rendered":"<div><img decoding=\"async\" width=\"679\" height=\"356\" src=\"https:\/\/linitiative.ca\/International\/wp-content\/uploads\/sites\/23\/2022\/03\/Photo-douverture.png\" class=\"attachment-post-thumbnail size-post-thumbnail wp-post-image\" alt=\"\" loading=\"lazy\" srcset=\"https:\/\/linitiative.ca\/International\/wp-content\/uploads\/sites\/23\/2022\/03\/Photo-douverture.png 679w, https:\/\/www.challenge.ma\/wp-content\/uploads\/2022\/03\/Photo-douverture-300x157.png 300w, https:\/\/www.challenge.ma\/wp-content\/uploads\/2022\/03\/Photo-douverture-360x189.png 360w\" sizes=\"auto, (max-width: 679px) 100vw, 679px\" itemprop=\"image\">En 2021, Chery a enregistr\u00e9 de tr\u00e8s belles performances sur les march\u00e9s d\u2019Am\u00e9rique centrale et d\u2019Am\u00e9rique du Sud, avec des mod\u00e8les tels que l\u2019Arrizo 6 Pro et le Tiggo 2, ces deux derniers ayant brillamment perform\u00e9, s\u2019adjugeant de nombreuses distinctions. Ainsi au Br\u00e9sil, la Chery Arrizo 6 Pro a remport\u00e9<\/div>\n<p>Auteur: challenge<br \/>\n<a href=\"https:\/\/www.challenge.ma\/des-performances-remarquables-pour-chery-en-amerique-centrale-et-en-amerique-du-sud-233797\/\">Cliquez ici pour lire l&rsquo;article depuis sa source.<\/a><\/p>\n","protected":false},"excerpt":{"rendered":"<p>En 2021, Chery a enregistr\u00e9 de tr\u00e8s belles performances sur les march\u00e9s d\u2019Am\u00e9rique centrale et d\u2019Am\u00e9rique du Sud, avec des mod\u00e8les tels que l\u2019Arrizo 6 Pro et le Tiggo 2, ces deux derniers ayant brillamment perform\u00e9, s\u2019adjugeant de nombreuses distinctions. Ainsi au Br\u00e9sil, la Chery Arrizo 6 Pro a remport\u00e9 Auteur: challenge Cliquez ici pour [&hellip;]<\/p>\n","protected":false},"author":1787,"featured_media":0,"comment_status":"closed","ping_status":"closed","sticky":false,"template":"","format":"standard","meta":{"fifu_image_url":"https:\/\/www.challenge.ma\/wp-content\/uploads\/2022\/03\/Photo-douverture.png","fifu_image_alt":"Des performances remarquables pour Chery en Am\u00e9rique centrale et en Am\u00e9rique du Sud","footnotes":""},"categories":[78,54],"tags":[],"class_list":["post-142414","post","type-post","status-publish","format-standard","hentry","category-economie","category-maroc"],"_links":{"self":[{"href":"https:\/\/linitiative.ca\/International\/wp-json\/wp\/v2\/posts\/142414","targetHints":{"allow":["GET"]}}],"collection":[{"href":"https:\/\/linitiative.ca\/International\/wp-json\/wp\/v2\/posts"}],"about":[{"href":"https:\/\/linitiative.ca\/International\/wp-json\/wp\/v2\/types\/post"}],"author":[{"embeddable":true,"href":"https:\/\/linitiative.ca\/International\/wp-json\/wp\/v2\/users\/1787"}],"replies":[{"embeddable":true,"href":"https:\/\/linitiative.ca\/International\/wp-json\/wp\/v2\/comments?post=142414"}],"version-history":[{"count":0,"href":"https:\/\/linitiative.ca\/International\/wp-json\/wp\/v2\/posts\/142414\/revisions"}],"wp:attachment":[{"href":"https:\/\/linitiative.ca\/International\/wp-json\/wp\/v2\/media?parent=142414"}],"wp:term":[{"taxonomy":"category","embeddable":true,"href":"https:\/\/linitiative.ca\/International\/wp-json\/wp\/v2\/categories?post=142414"},{"taxonomy":"post_tag","embeddable":true,"href":"https:\/\/linitiative.ca\/International\/wp-json\/wp\/v2\/tags?post=142414"}],"curies":[{"name":"wp","href":"https:\/\/api.w.org\/{rel}","templated":true}]}}