{"id":142418,"date":"2022-03-05T17:06:31","date_gmt":"2022-03-05T22:06:31","guid":{"rendered":"https:\/\/linitiative.ca\/International\/ca-saber-khalifa-opere-avec-succes-entre-3-et-6-mois-de-repos\/"},"modified":"2022-03-05T17:06:31","modified_gmt":"2022-03-05T22:06:31","slug":"ca-saber-khalifa-opere-avec-succes-entre-3-et-6-mois-de-repos","status":"publish","type":"post","link":"https:\/\/linitiative.ca\/International\/ca-saber-khalifa-opere-avec-succes-entre-3-et-6-mois-de-repos\/","title":{"rendered":"CA : Saber Khalifa op\u00e9r\u00e9 avec succ\u00e8s, entre 3 et 6 mois de repos !"},"content":{"rendered":"<div>\n<p>Comme nous l\u2019avons annonc\u00e9 dans notre article cet apr\u00e8s-midi, la saison de Saber Khalifa est termin\u00e9e. Le capitaine clubiste a \u00e9t\u00e9 op\u00e9r\u00e9 avec succ\u00e8s cette soir\u00e9e de samedi, comme l\u2019a confirm\u00e9 la vid\u00e9o publi\u00e9e sur la page officielle du Club Africain, o\u00f9 Khalifia a fait savoir son \u00e9tat de sant\u00e9 au public de Bab Jedid. [\u2026]<\/p>\n<p>L\u2019article <a href=\"https:\/\/sport.tunisienumerique.com\/ca-saber-khalifa-opere-avec-succes-entre-3-et-6-mois-de-repos\/\">CA : Saber Khalifa op\u00e9r\u00e9 avec succ\u00e8s, entre 3 et 6 mois de repos !<\/a> est apparu en premier sur <a href=\"https:\/\/www.tunisienumerique.com\/\">Tunisie<\/a>.<\/p>\n<\/div>\n<p>Auteur: Hamza Ben Khlifa<br \/>\n<a href=\"https:\/\/sport.tunisienumerique.com\/ca-saber-khalifa-opere-avec-succes-entre-3-et-6-mois-de-repos\/\">Cliquez ici pour lire l&rsquo;article depuis sa source.<\/a><\/p>\n","protected":false},"excerpt":{"rendered":"<p>Comme nous l\u2019avons annonc\u00e9 dans notre article cet apr\u00e8s-midi, la saison de Saber Khalifa est termin\u00e9e. Le capitaine clubiste a \u00e9t\u00e9 op\u00e9r\u00e9 avec succ\u00e8s cette soir\u00e9e de samedi, comme l\u2019a confirm\u00e9 la vid\u00e9o publi\u00e9e sur la page officielle du Club Africain, o\u00f9 Khalifia a fait savoir son \u00e9tat de sant\u00e9 au public de Bab Jedid. [&hellip;]<\/p>\n","protected":false},"author":1789,"featured_media":0,"comment_status":"closed","ping_status":"closed","sticky":false,"template":"","format":"standard","meta":{"fifu_image_url":"","fifu_image_alt":"","footnotes":""},"categories":[73,55],"tags":[],"class_list":["post-142418","post","type-post","status-publish","format-standard","hentry","category-actualite","category-tunisie"],"_links":{"self":[{"href":"https:\/\/linitiative.ca\/International\/wp-json\/wp\/v2\/posts\/142418","targetHints":{"allow":["GET"]}}],"collection":[{"href":"https:\/\/linitiative.ca\/International\/wp-json\/wp\/v2\/posts"}],"about":[{"href":"https:\/\/linitiative.ca\/International\/wp-json\/wp\/v2\/types\/post"}],"author":[{"embeddable":true,"href":"https:\/\/linitiative.ca\/International\/wp-json\/wp\/v2\/users\/1789"}],"replies":[{"embeddable":true,"href":"https:\/\/linitiative.ca\/International\/wp-json\/wp\/v2\/comments?post=142418"}],"version-history":[{"count":0,"href":"https:\/\/linitiative.ca\/International\/wp-json\/wp\/v2\/posts\/142418\/revisions"}],"wp:attachment":[{"href":"https:\/\/linitiative.ca\/International\/wp-json\/wp\/v2\/media?parent=142418"}],"wp:term":[{"taxonomy":"category","embeddable":true,"href":"https:\/\/linitiative.ca\/International\/wp-json\/wp\/v2\/categories?post=142418"},{"taxonomy":"post_tag","embeddable":true,"href":"https:\/\/linitiative.ca\/International\/wp-json\/wp\/v2\/tags?post=142418"}],"curies":[{"name":"wp","href":"https:\/\/api.w.org\/{rel}","templated":true}]}}