{"id":142420,"date":"2022-03-05T07:18:15","date_gmt":"2022-03-05T12:18:15","guid":{"rendered":"https:\/\/linitiative.ca\/International\/hommage-aux-soldats-tues-au-mali-le-president-assimi-goita-decrete-trois-jours-de-deuil-national\/"},"modified":"2022-03-05T07:18:15","modified_gmt":"2022-03-05T12:18:15","slug":"hommage-aux-soldats-tues-au-mali-le-president-assimi-goita-decrete-trois-jours-de-deuil-national","status":"publish","type":"post","link":"https:\/\/linitiative.ca\/International\/hommage-aux-soldats-tues-au-mali-le-president-assimi-goita-decrete-trois-jours-de-deuil-national\/","title":{"rendered":"Hommage aux soldats tu\u00e9s au Mali\u00a0: Le pr\u00e9sident Assimi Go\u00efta d\u00e9cr\u00e8te trois jours de deuil national"},"content":{"rendered":"<div>\n<p>Dans un communiqu\u00e9, le pr\u00e9sident de la Transition malienne, le colonel Assimi Go\u00efta a d\u00e9cr\u00e8te un deuil national de 3 jours \u00e0 compter de ce samedi 5 mars 2022, \u00e0 z\u00e9ro heure, sur toute l\u2019\u00e9tendue du territoire national, pour rendre hommage aux \u00e9l\u00e9ments des Forces arm\u00e9es et de S\u00e9curit\u00e9 tomb\u00e9s, le vendredi 4 mars 2022, dans la localit\u00e9 de Mondoro, suite \u00e0 une attaque terroriste<strong>. <\/strong>Le bilan de l\u2019attaque fait \u00e9tat de 27 morts du c\u00f4t\u00e9 des Forces arm\u00e9es maliennes (FAMa).<\/p>\n<p>L\u2019article <a rel=\"nofollow\" href=\"https:\/\/www.sidwaya.info\/blog\/2022\/03\/05\/hommage-aux-soldats-tues-au-mali-le-president-assimi-goita-decrete-trois-jours-de-deuil-national\/\">Hommage aux soldats tu\u00e9s au Mali\u00a0: Le pr\u00e9sident Assimi Go\u00efta d\u00e9cr\u00e8te trois jours de deuil national<\/a> est apparu en premier sur <a rel=\"nofollow\" href=\"https:\/\/www.sidwaya.info\/\">Quotidien Sidwaya<\/a>.<\/p>\n<\/div>\n<p>Auteur: BANGRE SIDWAYA<br \/>\n<a href=\"https:\/\/www.sidwaya.info\/blog\/2022\/03\/05\/hommage-aux-soldats-tues-au-mali-le-president-assimi-goita-decrete-trois-jours-de-deuil-national\/?utm_source=rss&#038;utm_medium=rss&#038;utm_campaign=hommage-aux-soldats-tues-au-mali-le-president-assimi-goita-decrete-trois-jours-de-deuil-national\">Cliquez ici pour lire l&rsquo;article depuis sa source.<\/a><\/p>\n","protected":false},"excerpt":{"rendered":"<p>Dans un communiqu\u00e9, le pr\u00e9sident de la Transition malienne, le colonel Assimi Go\u00efta a d\u00e9cr\u00e8te un deuil national de 3 jours \u00e0 compter de ce samedi 5 mars 2022, \u00e0 z\u00e9ro heure, sur toute l\u2019\u00e9tendue du territoire national, pour rendre hommage aux \u00e9l\u00e9ments des Forces arm\u00e9es et de S\u00e9curit\u00e9 tomb\u00e9s, le vendredi 4 mars 2022, [&hellip;]<\/p>\n","protected":false},"author":1816,"featured_media":0,"comment_status":"closed","ping_status":"closed","sticky":false,"template":"","format":"standard","meta":{"fifu_image_url":"","fifu_image_alt":"","footnotes":""},"categories":[73,81],"tags":[],"class_list":["post-142420","post","type-post","status-publish","format-standard","hentry","category-actualite","category-burkina-faso"],"_links":{"self":[{"href":"https:\/\/linitiative.ca\/International\/wp-json\/wp\/v2\/posts\/142420","targetHints":{"allow":["GET"]}}],"collection":[{"href":"https:\/\/linitiative.ca\/International\/wp-json\/wp\/v2\/posts"}],"about":[{"href":"https:\/\/linitiative.ca\/International\/wp-json\/wp\/v2\/types\/post"}],"author":[{"embeddable":true,"href":"https:\/\/linitiative.ca\/International\/wp-json\/wp\/v2\/users\/1816"}],"replies":[{"embeddable":true,"href":"https:\/\/linitiative.ca\/International\/wp-json\/wp\/v2\/comments?post=142420"}],"version-history":[{"count":0,"href":"https:\/\/linitiative.ca\/International\/wp-json\/wp\/v2\/posts\/142420\/revisions"}],"wp:attachment":[{"href":"https:\/\/linitiative.ca\/International\/wp-json\/wp\/v2\/media?parent=142420"}],"wp:term":[{"taxonomy":"category","embeddable":true,"href":"https:\/\/linitiative.ca\/International\/wp-json\/wp\/v2\/categories?post=142420"},{"taxonomy":"post_tag","embeddable":true,"href":"https:\/\/linitiative.ca\/International\/wp-json\/wp\/v2\/tags?post=142420"}],"curies":[{"name":"wp","href":"https:\/\/api.w.org\/{rel}","templated":true}]}}