{"id":142421,"date":"2022-03-05T04:18:03","date_gmt":"2022-03-05T09:18:03","guid":{"rendered":"https:\/\/linitiative.ca\/International\/mali-27-soldats-tues-dans-une-attaque-terroriste\/"},"modified":"2022-03-05T04:18:03","modified_gmt":"2022-03-05T09:18:03","slug":"mali-27-soldats-tues-dans-une-attaque-terroriste","status":"publish","type":"post","link":"https:\/\/linitiative.ca\/International\/mali-27-soldats-tues-dans-une-attaque-terroriste\/","title":{"rendered":"Mali : 27 soldats tu\u00e9s dans une attaque terroriste"},"content":{"rendered":"<div>\n<p><img decoding=\"async\" width=\"299\" height=\"169\" src=\"https:\/\/linitiative.ca\/International\/wp-content\/uploads\/sites\/23\/2022\/03\/16464718833003.jpg\" class=\"attachment-post-thumbnail size-post-thumbnail wp-post-image\" alt=\"\" loading=\"lazy\" srcset=\"https:\/\/linitiative.ca\/International\/wp-content\/uploads\/sites\/23\/2022\/03\/16464718833003.jpg 299w, https:\/\/www.journalducameroun.com\/wp-content\/uploads\/2022\/03\/16464718833003-780x440.jpg 780w, https:\/\/www.journalducameroun.com\/wp-content\/uploads\/2022\/03\/16464718833003-380x215.jpg 380w, https:\/\/www.journalducameroun.com\/wp-content\/uploads\/2022\/03\/16464718833003-160x90.jpg 160w, https:\/\/www.journalducameroun.com\/wp-content\/uploads\/2022\/03\/16464718833003-240x135.jpg 240w\" sizes=\"auto, (max-width: 299px) 100vw, 299px\"><\/p>\n<p>L&rsquo;assaut le plus meurtrier contre les Forces arm\u00e9es maliennes (Fama) depuis plusieurs mois s&rsquo;est produit \u00e0 la lisi\u00e8re du Burkina.Des terroristes ont attaqu\u00e9 vendredi matin le camp militaire de l&rsquo;arm\u00e9e malienne de Mondoro (Centre).<\/p>\n<p>Dans un communiqu\u00e9, les Forces arm\u00e9es maliennes informent que 27 de leurs soldats ont \u00e9t\u00e9 tu\u00e9s et sept autres sont port\u00e9s disparus. Du c\u00f4t\u00e9 des jihadistes, on d\u00e9nombre 70 morts dont 23 au cours d&rsquo;un ratissage sur les sanctuaires terroristes.<\/p>\n<p>Suite \u00e0 cette attaque, le pr\u00e9sident de transition, le colonel Assimi Go\u00efta, a d\u00e9cr\u00e9t\u00e9 trois jours de deuil national.<\/p>\n<p>Le Repr\u00e9sentant sp\u00e9cial du Secr\u00e9taire G\u00e9n\u00e9ral des Nations Unies pour le Mali (RSSG) et Chef de la Mission multidimensionnelle int\u00e9gr\u00e9e des Nations Unies pour la stabilisation au Mali (Minusma), El-Ghassim Wane, a condamn\u00e9 fermement cette attaque.<\/p>\n<p>\u00ab En ces douloureuses circonstances, je pr\u00e9sente, au nom de la Minusma, mes condol\u00e9ances les plus attrist\u00e9es aux autorit\u00e9s de la transition, au peuple malien ainsi qu&rsquo;aux familles et proches des soldats tomb\u00e9s au champ d&rsquo;honneur. Je souhaite un prompt r\u00e9tablissement aux bless\u00e9s \u00bb, a-t-il d\u00e9clar\u00e9.<\/p>\n<p>Le RSSG a r\u00e9it\u00e9r\u00e9 l&rsquo;engagement ind\u00e9fectible de la Minusma aux c\u00f4t\u00e9s des Maliens dans leur qu\u00eate l\u00e9gitime de paix et de stabilit\u00e9.<\/p>\n<p>Cette attaque intervient dans un contexte de restructuration de l&rsquo;arm\u00e9e malienne, apr\u00e8s le d\u00e9part annonc\u00e9 de Barkhane, l&rsquo;op\u00e9ration militaire fran\u00e7aise au Sahel et de Takuba, la Task Force europ\u00e9enne au Mali.<\/p>\n<p>Cet article <a rel=\"nofollow\" href=\"https:\/\/www.journalducameroun.com\/mali-27-soldats-tues-dans-une-attaque-terroriste\/\">Mali : 27 soldats tu\u00e9s dans une attaque terroriste<\/a> est apparu en premier sur <a rel=\"nofollow\" href=\"https:\/\/www.journalducameroun.com\/\">Journal du Cameroun<\/a>.<\/p>\n<\/div>\n<p>Auteur: APA News<br \/>\n<a href=\"https:\/\/www.journalducameroun.com\/mali-27-soldats-tues-dans-une-attaque-terroriste\/\">Cliquez ici pour lire l&rsquo;article depuis sa source.<\/a><\/p>\n","protected":false},"excerpt":{"rendered":"<p>L&rsquo;assaut le plus meurtrier contre les Forces arm\u00e9es maliennes (Fama) depuis plusieurs mois s&rsquo;est produit \u00e0 la lisi\u00e8re du Burkina.Des terroristes ont attaqu\u00e9 vendredi matin le camp militaire de l&rsquo;arm\u00e9e malienne de Mondoro (Centre). Dans un communiqu\u00e9, les Forces arm\u00e9es maliennes informent que 27 de leurs soldats ont \u00e9t\u00e9 tu\u00e9s et sept autres sont port\u00e9s [&hellip;]<\/p>\n","protected":false},"author":1965,"featured_media":0,"comment_status":"closed","ping_status":"closed","sticky":false,"template":"","format":"standard","meta":{"fifu_image_url":"https:\/\/www.journalducameroun.com\/wp-content\/uploads\/2022\/03\/16464718833003.jpg","fifu_image_alt":"Mali : 27 soldats tu\u00e9s dans une attaque terroriste","footnotes":""},"categories":[73,82],"tags":[],"class_list":["post-142421","post","type-post","status-publish","format-standard","hentry","category-actualite","category-cameroun"],"_links":{"self":[{"href":"https:\/\/linitiative.ca\/International\/wp-json\/wp\/v2\/posts\/142421","targetHints":{"allow":["GET"]}}],"collection":[{"href":"https:\/\/linitiative.ca\/International\/wp-json\/wp\/v2\/posts"}],"about":[{"href":"https:\/\/linitiative.ca\/International\/wp-json\/wp\/v2\/types\/post"}],"author":[{"embeddable":true,"href":"https:\/\/linitiative.ca\/International\/wp-json\/wp\/v2\/users\/1965"}],"replies":[{"embeddable":true,"href":"https:\/\/linitiative.ca\/International\/wp-json\/wp\/v2\/comments?post=142421"}],"version-history":[{"count":0,"href":"https:\/\/linitiative.ca\/International\/wp-json\/wp\/v2\/posts\/142421\/revisions"}],"wp:attachment":[{"href":"https:\/\/linitiative.ca\/International\/wp-json\/wp\/v2\/media?parent=142421"}],"wp:term":[{"taxonomy":"category","embeddable":true,"href":"https:\/\/linitiative.ca\/International\/wp-json\/wp\/v2\/categories?post=142421"},{"taxonomy":"post_tag","embeddable":true,"href":"https:\/\/linitiative.ca\/International\/wp-json\/wp\/v2\/tags?post=142421"}],"curies":[{"name":"wp","href":"https:\/\/api.w.org\/{rel}","templated":true}]}}