{"id":142423,"date":"2022-03-05T04:18:03","date_gmt":"2022-03-05T09:18:03","guid":{"rendered":"https:\/\/linitiative.ca\/International\/mozambique-lafsud-prolonge-le-mandat-de-ses-soldats\/"},"modified":"2022-03-05T04:18:03","modified_gmt":"2022-03-05T09:18:03","slug":"mozambique-lafsud-prolonge-le-mandat-de-ses-soldats","status":"publish","type":"post","link":"https:\/\/linitiative.ca\/International\/mozambique-lafsud-prolonge-le-mandat-de-ses-soldats\/","title":{"rendered":"Mozambique : l\u2019Af\u2019Sud prolonge le mandat de ses soldats"},"content":{"rendered":"<div>\n<p><img decoding=\"async\" width=\"220\" height=\"168\" src=\"https:\/\/linitiative.ca\/International\/wp-content\/uploads\/sites\/23\/2022\/03\/16464718832824.jpg\" class=\"attachment-post-thumbnail size-post-thumbnail wp-post-image\" alt=\"\" loading=\"lazy\"><\/p>\n<p>Ces militaires font partie du contingent de la SADC au Mozambique.L&rsquo;Afrique du Sud a prolong\u00e9 jusqu&rsquo;\u00e0 la fin du mois d&rsquo;avril 2022 le s\u00e9jour de ses troupes dans le nord du Mozambique, o\u00f9 elles participent \u00e0 la lutte contre l&rsquo;Etat islamique.<\/p>\n<p>La d\u00e9cision devrait co\u00fbter pr\u00e8s de 1 milliard de rands (environ 65 millions de dollars am\u00e9ricains) au tr\u00e9sor sud-africain, selon le pr\u00e9sident Cyril Ramaphosa.<\/p>\n<p>\u00ab (\u2026) j&rsquo;ai prolong\u00e9 la mission de 1495 membres de la Force de d\u00e9fense nationale sud-africaine (SANDF) pour un service en ex\u00e9cution d&rsquo;une obligation internationale de la R\u00e9publique d&rsquo;Afrique du Sud envers la Communaut\u00e9 de d\u00e9veloppement de l&rsquo;Afrique australe (SADC)\u00a0\u00bb, a d\u00e9clar\u00e9 M. Ramaphosa dans une lettre adress\u00e9e \u00e0 l&rsquo;Assembl\u00e9e nationale.<\/p>\n<p>Les soldats sud-africains ont \u00e9t\u00e9 d\u00e9ploy\u00e9s au Mozambique en juillet dernier initialement pour trois mois. Le pr\u00e9sident Ramaphosa a prolong\u00e9 leur mission de trois mois en octobre et celui-ci a pris fin en janvier dernier.<\/p>\n<p>La force militaire de la SADC aide l&rsquo;arm\u00e9e mozambicaine \u00e0 lutter contre une insurrection dans la province septentrionale de Cabo Delgado en proie \u00e0 des insurrections terroristes et o\u00f9 des multinationales de l&rsquo;\u00e9nergie ont mis en place une exploitation gazi\u00e8re de plusieurs milliards de dollars dans l&rsquo;oc\u00e9an Indien.<\/p>\n<p>Cet article <a rel=\"nofollow\" href=\"https:\/\/www.journalducameroun.com\/mozambique-lafsud-prolonge-le-mandat-de-ses-soldats\/\">Mozambique : l\u2019Af\u2019Sud prolonge le mandat de ses soldats<\/a> est apparu en premier sur <a rel=\"nofollow\" href=\"https:\/\/www.journalducameroun.com\/\">Journal du Cameroun<\/a>.<\/p>\n<\/div>\n<p>Auteur: APA News<br \/>\n<a href=\"https:\/\/www.journalducameroun.com\/mozambique-lafsud-prolonge-le-mandat-de-ses-soldats\/\">Cliquez ici pour lire l&rsquo;article depuis sa source.<\/a><\/p>\n","protected":false},"excerpt":{"rendered":"<p>Ces militaires font partie du contingent de la SADC au Mozambique.L&rsquo;Afrique du Sud a prolong\u00e9 jusqu&rsquo;\u00e0 la fin du mois d&rsquo;avril 2022 le s\u00e9jour de ses troupes dans le nord du Mozambique, o\u00f9 elles participent \u00e0 la lutte contre l&rsquo;Etat islamique. La d\u00e9cision devrait co\u00fbter pr\u00e8s de 1 milliard de rands (environ 65 millions de [&hellip;]<\/p>\n","protected":false},"author":1965,"featured_media":0,"comment_status":"closed","ping_status":"closed","sticky":false,"template":"","format":"standard","meta":{"fifu_image_url":"https:\/\/www.journalducameroun.com\/wp-content\/uploads\/2022\/03\/16464718832824.jpg","fifu_image_alt":"Mozambique : l\u2019Af\u2019Sud prolonge le mandat de ses soldats","footnotes":""},"categories":[73,82],"tags":[],"class_list":["post-142423","post","type-post","status-publish","format-standard","hentry","category-actualite","category-cameroun"],"_links":{"self":[{"href":"https:\/\/linitiative.ca\/International\/wp-json\/wp\/v2\/posts\/142423","targetHints":{"allow":["GET"]}}],"collection":[{"href":"https:\/\/linitiative.ca\/International\/wp-json\/wp\/v2\/posts"}],"about":[{"href":"https:\/\/linitiative.ca\/International\/wp-json\/wp\/v2\/types\/post"}],"author":[{"embeddable":true,"href":"https:\/\/linitiative.ca\/International\/wp-json\/wp\/v2\/users\/1965"}],"replies":[{"embeddable":true,"href":"https:\/\/linitiative.ca\/International\/wp-json\/wp\/v2\/comments?post=142423"}],"version-history":[{"count":0,"href":"https:\/\/linitiative.ca\/International\/wp-json\/wp\/v2\/posts\/142423\/revisions"}],"wp:attachment":[{"href":"https:\/\/linitiative.ca\/International\/wp-json\/wp\/v2\/media?parent=142423"}],"wp:term":[{"taxonomy":"category","embeddable":true,"href":"https:\/\/linitiative.ca\/International\/wp-json\/wp\/v2\/categories?post=142423"},{"taxonomy":"post_tag","embeddable":true,"href":"https:\/\/linitiative.ca\/International\/wp-json\/wp\/v2\/tags?post=142423"}],"curies":[{"name":"wp","href":"https:\/\/api.w.org\/{rel}","templated":true}]}}