{"id":142425,"date":"2022-03-05T05:18:02","date_gmt":"2022-03-05T10:18:02","guid":{"rendered":"https:\/\/linitiative.ca\/International\/foot-en-guinee-le-conor-rase-pour-mieux-reconstruire\/"},"modified":"2022-03-05T05:18:02","modified_gmt":"2022-03-05T10:18:02","slug":"foot-en-guinee-le-conor-rase-pour-mieux-reconstruire","status":"publish","type":"post","link":"https:\/\/linitiative.ca\/International\/foot-en-guinee-le-conor-rase-pour-mieux-reconstruire\/","title":{"rendered":"Foot en Guin\u00e9e : le Conor rase pour mieux reconstruire"},"content":{"rendered":"<div>\n<p><img decoding=\"async\" width=\"700\" height=\"375\" src=\"https:\/\/linitiative.ca\/International\/wp-content\/uploads\/sites\/23\/2022\/03\/16464754839925.jpg\" class=\"attachment-post-thumbnail size-post-thumbnail wp-post-image\" alt=\"\" loading=\"lazy\" srcset=\"https:\/\/linitiative.ca\/International\/wp-content\/uploads\/sites\/23\/2022\/03\/16464754839925.jpg 700w, https:\/\/www.journalducameroun.com\/wp-content\/uploads\/2022\/03\/16464754839925-300x161.jpg 300w, https:\/\/www.journalducameroun.com\/wp-content\/uploads\/2022\/03\/16464754839925-600x321.jpg 600w\" sizes=\"auto, (max-width: 700px) 100vw, 700px\"><\/p>\n<p>Le Comit\u00e9 de normalisation (Conor) de la F\u00e9d\u00e9ration guin\u00e9enne de football (F\u00e9guifoot) a dissout tous les staffs techniques des \u00e9quipes nationales.C&rsquo;est le grand m\u00e9nage. Dans un communiqu\u00e9, publi\u00e9 vendredi soir, la F\u00e9d\u00e9ration guin\u00e9enne de football (F\u00e9guifoot) a annonc\u00e9 la r\u00e9siliation des contrats des staffs techniques des s\u00e9lections nationales.<\/p>\n<p>Toutes les cat\u00e9gories sont concern\u00e9es par cette d\u00e9cision du Comit\u00e9 de normalisation (Conor) dont l&rsquo;installation a \u00e9t\u00e9 ordonn\u00e9e le 29 novembre 2021 par la F\u00e9d\u00e9ration internationale de football association (Fifa).<\/p>\n<p>Cependant, un moratoire en faveur de l&rsquo;encadrement de la s\u00e9lection f\u00e9minine des moins de 17 ans sera appliqu\u00e9. Cette \u00e9quipe doit, dans un avenir proche, jouer le second tour des \u00e9liminatoires de la Coupe du monde Inde 2022.<\/p>\n<p>Le Conor va lancer prochainement un appel \u00e0 candidatures afin de constituer les diff\u00e9rents staffs techniques. \u00c0 la Coupe d&rsquo;Afrique des nations 2021, la Guin\u00e9e coach\u00e9e par l&rsquo;ancien international Kaba Diawara est sortie en huiti\u00e8mes de finale face \u00e0 la Gambie (0-1).<\/p>\n<p>Cet article <a rel=\"nofollow\" href=\"https:\/\/www.journalducameroun.com\/foot-en-guinee-le-conor-rase-pour-mieux-reconstruire\/\">Foot en Guin\u00e9e : le Conor rase pour mieux reconstruire<\/a> est apparu en premier sur <a rel=\"nofollow\" href=\"https:\/\/www.journalducameroun.com\/\">Journal du Cameroun<\/a>.<\/p>\n<\/div>\n<p>Auteur: APA News<br \/>\n<a href=\"https:\/\/www.journalducameroun.com\/foot-en-guinee-le-conor-rase-pour-mieux-reconstruire\/\">Cliquez ici pour lire l&rsquo;article depuis sa source.<\/a><\/p>\n","protected":false},"excerpt":{"rendered":"<p>Le Comit\u00e9 de normalisation (Conor) de la F\u00e9d\u00e9ration guin\u00e9enne de football (F\u00e9guifoot) a dissout tous les staffs techniques des \u00e9quipes nationales.C&rsquo;est le grand m\u00e9nage. Dans un communiqu\u00e9, publi\u00e9 vendredi soir, la F\u00e9d\u00e9ration guin\u00e9enne de football (F\u00e9guifoot) a annonc\u00e9 la r\u00e9siliation des contrats des staffs techniques des s\u00e9lections nationales. Toutes les cat\u00e9gories sont concern\u00e9es par cette [&hellip;]<\/p>\n","protected":false},"author":1965,"featured_media":0,"comment_status":"closed","ping_status":"closed","sticky":false,"template":"","format":"standard","meta":{"fifu_image_url":"https:\/\/www.journalducameroun.com\/wp-content\/uploads\/2022\/03\/16464754839925.jpg","fifu_image_alt":"Foot en Guin\u00e9e : le Conor rase pour mieux reconstruire","footnotes":""},"categories":[73,82],"tags":[],"class_list":["post-142425","post","type-post","status-publish","format-standard","hentry","category-actualite","category-cameroun"],"_links":{"self":[{"href":"https:\/\/linitiative.ca\/International\/wp-json\/wp\/v2\/posts\/142425","targetHints":{"allow":["GET"]}}],"collection":[{"href":"https:\/\/linitiative.ca\/International\/wp-json\/wp\/v2\/posts"}],"about":[{"href":"https:\/\/linitiative.ca\/International\/wp-json\/wp\/v2\/types\/post"}],"author":[{"embeddable":true,"href":"https:\/\/linitiative.ca\/International\/wp-json\/wp\/v2\/users\/1965"}],"replies":[{"embeddable":true,"href":"https:\/\/linitiative.ca\/International\/wp-json\/wp\/v2\/comments?post=142425"}],"version-history":[{"count":0,"href":"https:\/\/linitiative.ca\/International\/wp-json\/wp\/v2\/posts\/142425\/revisions"}],"wp:attachment":[{"href":"https:\/\/linitiative.ca\/International\/wp-json\/wp\/v2\/media?parent=142425"}],"wp:term":[{"taxonomy":"category","embeddable":true,"href":"https:\/\/linitiative.ca\/International\/wp-json\/wp\/v2\/categories?post=142425"},{"taxonomy":"post_tag","embeddable":true,"href":"https:\/\/linitiative.ca\/International\/wp-json\/wp\/v2\/tags?post=142425"}],"curies":[{"name":"wp","href":"https:\/\/api.w.org\/{rel}","templated":true}]}}