{"id":142427,"date":"2022-03-05T07:18:03","date_gmt":"2022-03-05T12:18:03","guid":{"rendered":"https:\/\/linitiative.ca\/International\/le-conflit-entre-la-russie-et-lukraine-commente-par-la-presse-marocaine\/"},"modified":"2022-03-05T07:18:03","modified_gmt":"2022-03-05T12:18:03","slug":"le-conflit-entre-la-russie-et-lukraine-commente-par-la-presse-marocaine","status":"publish","type":"post","link":"https:\/\/linitiative.ca\/International\/le-conflit-entre-la-russie-et-lukraine-commente-par-la-presse-marocaine\/","title":{"rendered":"Le conflit entre la Russie et l\u2019Ukraine comment\u00e9 par la presse marocaine"},"content":{"rendered":"<div>\n<p><img decoding=\"async\" width=\"287\" height=\"176\" src=\"https:\/\/linitiative.ca\/International\/wp-content\/uploads\/sites\/23\/2022\/03\/16464826834598.jpg\" class=\"attachment-post-thumbnail size-post-thumbnail wp-post-image\" alt=\"\" loading=\"lazy\"><\/p>\n<p>Le conflit entre la Russie et l&rsquo;Ukraine, qui aura assur\u00e9ment un co\u00fbt \u00e9conomique pour le Maroc, mais le confortera \u00e9galement dans certains choix strat\u00e9giques, est le th\u00e8me principal trait\u00e9 par les hebdomadaires marocains parus ce samedi.+La Nouvelle Tribune+ estime que le Maroc subira \u00ab\u00a0le co\u00fbt \u00e9conomique de cette guerre plus t\u00f4t que tard\u00a0\u00bb, compte tenu de \u00ab\u00a0la fragilit\u00e9 de notre \u00e9conomie\u00a0\u00bb et de \u00ab\u00a0sa d\u00e9pendance aux importations de toutes sortes\u00a0\u00bb.<\/p>\n<p>\u00ab\u00a0Nous importerons d&rsquo;autant plus d&rsquo;inflation et peinerons encore plus \u00e0 nous financer lorsque les taux d&rsquo;int\u00e9r\u00eat cr\u00e8veront le plafond\u00a0\u00bb, souligne l&rsquo;hebdomadaire.<\/p>\n<p>Le chef du gouvernement et son \u00e9quipe sont, certes, \u00ab\u00a0pleinement conscients\u00a0\u00bb qu&rsquo;il sera de plus en plus difficile d&rsquo;expliquer, de justifier, de convaincre les Marocains que leurs probl\u00e8mes quotidiens viennent d&rsquo;ailleurs, mais il faut esp\u00e9rer qu&rsquo;ils ont identifi\u00e9 des solutions rapides et efficaces s&rsquo;ils ne veulent pas payer le prix politique des vell\u00e9it\u00e9s expansionnistes de certains pays, rel\u00e8ve-t-il.<\/p>\n<p>+La Vie Eco+ \u00e9crit que les r\u00e9percussions que la crise d&rsquo;Ukraine commence d\u00e9j\u00e0 \u00e0 avoir sur l&rsquo;\u00e9conomie mondiale et plus particuli\u00e8rement sur les \u00e9changes internationaux et sur les prix des mati\u00e8res premi\u00e8res, \u00ab\u00a0confirment d&rsquo;abord quelques options prises par le Maroc depuis fort longtemps\u00a0\u00bb.<\/p>\n<p>Ces cons\u00e9quences, qui se r\u00e9v\u00e8lent in\u00e9vitables \u00e0 cause de l&rsquo;interd\u00e9pendance des \u00c9tats, r\u00e9sultant de l&rsquo;ouverture de leurs \u00e9conomies au march\u00e9 mondial pour augmenter les \u00e9changes entre eux, \u00ab\u00a0confortent le Maroc quant \u00e0 certains choix strat\u00e9giques pris sur des th\u00e9matiques cruciales, voire vitales\u00a0\u00bb, en vue d&rsquo;assurer, entre autres, l&rsquo;autosuffisance alimentaire, la transition \u00e9nerg\u00e9tique ax\u00e9e en grande partie sur des \u00e9nergies renouvelables et la transformation de l&rsquo;industrie, constate-t-il.<\/p>\n<p>Ces options n&rsquo;ont pas \u00e9t\u00e9 prises dans des \u00ab\u00a0situations de d\u00e9tresse ou d&rsquo;urgence\u00a0\u00bb et, pourtant, \u00ab\u00a0plus les ann\u00e9es passent, plus leur pertinence se trouve confirm\u00e9e\u00a0\u00bb, estime-t-il.<\/p>\n<p>Pour sa part, +Challenge+ \u00e9crit que le conflit entre la Russie et l&rsquo;Ukraine devrait \u00eatre un d\u00e9clencheur de la prise de conscience mondiale condamnant toutes les guerres, sans aucune exception, et mettant en place un nouveau syst\u00e8me de r\u00e8glement des diff\u00e9rends o\u00f9 toute violence, partout dans le monde, est r\u00e9ellement prohib\u00e9e et abolie.<\/p>\n<p>A cet \u00e9gard, \u00ab\u00a0l&rsquo;obsolescence actuelle du syst\u00e8me onusien cr\u00e8ve les yeux\u00a0\u00bb et \u00ab\u00a0sa r\u00e9forme radicale ne peut plus attendre\u00a0\u00bb, fait remarquer la publication.<\/p>\n<p>+Assabah+ recueille le t\u00e9moignage Yacine Bouzar\u00e2a, footballeur marocain en Ukraine, qui a r\u00e9ussi, en compagnie de 800 \u00e9tudiants marocains, \u00e0 fuir les bombes et les missiles de la guerre et rejoindre la Roumanie..<\/p>\n<p>\u00abLa matin\u00e9e de jeudi 24 f\u00e9vrier restera grav\u00e9e dans ma m\u00e9moire. Les guerres que nous n&rsquo;avons vues que dans des films se d\u00e9roulaient devant nos yeux. Des missiles et des bombes bombardent des villes \u00bb. C&rsquo;est ainsi que Yacine r\u00e9sume la situation en Ukraine pendant le premier jour de la guerre.<\/p>\n<p>Et d&rsquo;ajouter que le ciel de la ville o\u00f9 il \u00e9tait install\u00e9 \u00e9tait pollu\u00e9 par les bombardements et les fum\u00e9es qu&rsquo;ils d\u00e9gageaient. Ce qui l&rsquo;a pouss\u00e9, a-t-il indiqu\u00e9, \u00e0 rejoindre des stations de m\u00e9tro qui servaient d&rsquo;abris anti-bombes aux civils, rapporte le quotidien.<\/p>\n<p>Le jeune footballeur marocain, laur\u00e9at de l&rsquo;\u00e9cole du Raja de Casablanca, suivait ainsi la guerre depuis la station de m\u00e9tro, en coordonnant ses d\u00e9placements avec des \u00e9tudiants dans la ville. Et d\u00e8s le d\u00e9but de l&rsquo;op\u00e9ration d&rsquo;\u00e9vacuation des Marocains \u00e9tablis en Ukraine, le footballeur a r\u00e9ussi \u00e0 rejoindre la Roumanie, en compagnie de 800 \u00e9tudiants. \u00ab A la fronti\u00e8re, nous avons \u00e9t\u00e9 tr\u00e8s bien accueillis par les citoyens de la Roumanie qui nous ont fourni toute l&rsquo;aide n\u00e9cessaire, de la nourriture, des v\u00eatements et de l&rsquo;assistance psychologique \u00bb, a-t-il soulign\u00e9.<\/p>\n<p>Tout en remerciant les autorit\u00e9s comp\u00e9tentes marocaines d&rsquo;avoir r\u00e9agi rapidement et efficacement pour assurer le rapatriement des Marocains dans de bonnes conditions, moyennant 750 dirhams (1 euro = 10,6 DH), Yacine Bouzar\u00e2a a d\u00e9plor\u00e9 le comportement de certaines parties, qu&rsquo;il n&rsquo;a pas nomm\u00e9es, qui mettent \u00e0 profit cette situation dramatique pour s&rsquo;enrichir en vendant les m\u00eames billets d&rsquo;avion \u00e0 plus de 1.500 dirhams.<\/p>\n<p>Cet article <a rel=\"nofollow\" href=\"https:\/\/www.journalducameroun.com\/le-conflit-entre-la-russie-et-lukraine-commente-par-la-presse-marocaine\/\">Le conflit entre la Russie et l\u2019Ukraine comment\u00e9 par la presse marocaine<\/a> est apparu en premier sur <a rel=\"nofollow\" href=\"https:\/\/www.journalducameroun.com\/\">Journal du Cameroun<\/a>.<\/p>\n<\/div>\n<p>Auteur: APA News<br \/>\n<a href=\"https:\/\/www.journalducameroun.com\/le-conflit-entre-la-russie-et-lukraine-commente-par-la-presse-marocaine\/\">Cliquez ici pour lire l&rsquo;article depuis sa source.<\/a><\/p>\n","protected":false},"excerpt":{"rendered":"<p>Le conflit entre la Russie et l&rsquo;Ukraine, qui aura assur\u00e9ment un co\u00fbt \u00e9conomique pour le Maroc, mais le confortera \u00e9galement dans certains choix strat\u00e9giques, est le th\u00e8me principal trait\u00e9 par les hebdomadaires marocains parus ce samedi.+La Nouvelle Tribune+ estime que le Maroc subira \u00ab\u00a0le co\u00fbt \u00e9conomique de cette guerre plus t\u00f4t que tard\u00a0\u00bb, compte tenu [&hellip;]<\/p>\n","protected":false},"author":1965,"featured_media":0,"comment_status":"closed","ping_status":"closed","sticky":false,"template":"","format":"standard","meta":{"fifu_image_url":"https:\/\/www.journalducameroun.com\/wp-content\/uploads\/2022\/03\/16464826834598.jpg","fifu_image_alt":"Le conflit entre la Russie et l\u2019Ukraine comment\u00e9 par la presse marocaine","footnotes":""},"categories":[73,82],"tags":[],"class_list":["post-142427","post","type-post","status-publish","format-standard","hentry","category-actualite","category-cameroun"],"_links":{"self":[{"href":"https:\/\/linitiative.ca\/International\/wp-json\/wp\/v2\/posts\/142427","targetHints":{"allow":["GET"]}}],"collection":[{"href":"https:\/\/linitiative.ca\/International\/wp-json\/wp\/v2\/posts"}],"about":[{"href":"https:\/\/linitiative.ca\/International\/wp-json\/wp\/v2\/types\/post"}],"author":[{"embeddable":true,"href":"https:\/\/linitiative.ca\/International\/wp-json\/wp\/v2\/users\/1965"}],"replies":[{"embeddable":true,"href":"https:\/\/linitiative.ca\/International\/wp-json\/wp\/v2\/comments?post=142427"}],"version-history":[{"count":0,"href":"https:\/\/linitiative.ca\/International\/wp-json\/wp\/v2\/posts\/142427\/revisions"}],"wp:attachment":[{"href":"https:\/\/linitiative.ca\/International\/wp-json\/wp\/v2\/media?parent=142427"}],"wp:term":[{"taxonomy":"category","embeddable":true,"href":"https:\/\/linitiative.ca\/International\/wp-json\/wp\/v2\/categories?post=142427"},{"taxonomy":"post_tag","embeddable":true,"href":"https:\/\/linitiative.ca\/International\/wp-json\/wp\/v2\/tags?post=142427"}],"curies":[{"name":"wp","href":"https:\/\/api.w.org\/{rel}","templated":true}]}}