{"id":142429,"date":"2022-03-05T07:18:03","date_gmt":"2022-03-05T12:18:03","guid":{"rendered":"https:\/\/linitiative.ca\/International\/cadre-de-programmation-par-pays-40-projets-finances-par-la-fao-au-senegal\/"},"modified":"2022-03-05T07:18:03","modified_gmt":"2022-03-05T12:18:03","slug":"cadre-de-programmation-par-pays-40-projets-finances-par-la-fao-au-senegal","status":"publish","type":"post","link":"https:\/\/linitiative.ca\/International\/cadre-de-programmation-par-pays-40-projets-finances-par-la-fao-au-senegal\/","title":{"rendered":"Cadre de programmation par pays: 40 projets financ\u00e9s par la FAO au S\u00e9n\u00e9gal"},"content":{"rendered":"<div>\n<p><img decoding=\"async\" width=\"223\" height=\"226\" src=\"https:\/\/linitiative.ca\/International\/wp-content\/uploads\/sites\/23\/2022\/03\/16464826838261.jpg\" class=\"attachment-post-thumbnail size-post-thumbnail wp-post-image\" alt=\"\" loading=\"lazy\" srcset=\"https:\/\/linitiative.ca\/International\/wp-content\/uploads\/sites\/23\/2022\/03\/16464826838261.jpg 223w, https:\/\/www.journalducameroun.com\/wp-content\/uploads\/2022\/03\/16464826838261-60x60.jpg 60w, https:\/\/www.journalducameroun.com\/wp-content\/uploads\/2022\/03\/16464826838261-100x100.jpg 100w\" sizes=\"auto, (max-width: 223px) 100vw, 223px\"><\/p>\n<p>La FAO coop\u00e8re avec le S\u00e9n\u00e9gal depuis 1977.Au S\u00e9n\u00e9gal, l&rsquo;Organisation des Nations unies pour l&rsquo;alimentation et l&rsquo;agriculture (FAO) met en \u0153uvre son Cadre de programmation par pays (CPP) sur la p\u00e9riode 2019-2023. Ce document de coop\u00e9ration porte sur 40 projets ax\u00e9s sur la promotion du secteur agro-sylvo-pastoral, halieutique et aquacole ; l&rsquo;am\u00e9lioration de la s\u00e9curit\u00e9 alimentaire et de la nutrition ; et la gestion durable de l&rsquo;environnement et des ressources naturelles.<\/p>\n<p>\u00ab Au total, 11.963.221 millions de dollars US sont mobilis\u00e9s pour le CPP \u00e0 mi-parcours 2019-2021 \u00bb, a expliqu\u00e9 Makhfousse Sarr, charg\u00e9 de programme \u00e0 FAO-S\u00e9n\u00e9gal.<\/p>\n<p>Il pr\u00e9sentait, vendredi \u00e0 Dakar, le bilan \u00e0 mi-parcours du Cadre de programmation par pays (CPP) de la FAO au S\u00e9n\u00e9gal au cours d&rsquo;un atelier national.<\/p>\n<p>Selon lui, le premier axe strat\u00e9gique du CPP portant sur la promotion du secteur agro-sylvo-pastoral, halieutique et aquacole durable, diversifi\u00e9, comp\u00e9titif, inclusif et porteur de croissance a permis de soutenir l&rsquo;entreprenariat agricole et l&#8217;emploi des jeunes en milieu rural, d&rsquo;appuyer les exploitations agricoles familiales, et renforcer la gouvernance su secteur agro-sylvo-pastoral.<\/p>\n<p>\u00ab Avec le deuxi\u00e8me axe qui concerne l&rsquo;am\u00e9lioration de la s\u00e9curit\u00e9 alimentaire et de la nutrition et le renforcement de la r\u00e9silience des populations, nous avons pu soutenir la planification et l&rsquo;int\u00e9gration de l&rsquo;adaptation au changement climatique (ACC) dans les projets et projets du secteur agricole. Cet axe a \u00e9galement permis le renforcement de la r\u00e9silience des populations rurales gr\u00e2ce \u00e0 la protection sociale \u00bb, a expliqu\u00e9 Makhfousse Sarr.<\/p>\n<p>Quant au troisi\u00e8me et dernier axe strat\u00e9gique du CPP 2019-2023 qui promeut la gestion durable de l&rsquo;environnement et des ressources naturelles, M. Sarr a cit\u00e9 la restauration des terres d\u00e9grad\u00e9es, du capital forestier et de la faune. \u00ab Cet axe,\u00a0a-t-il poursuivi, a instaur\u00e9 une gestion durable des ressources halieutiques et restaur\u00e9 les \u00e9cosyst\u00e8mes aquatiques\u00a0\u00bb.<\/p>\n<p>Le Cadre de programmation par pays (CPP) est le fruit de concertation avec les institutions nationales, la soci\u00e9t\u00e9 civile, le secteur priv\u00e9, les populations \u00e0 la base et les partenaires au d\u00e9veloppement du S\u00e9n\u00e9gal, y compris les Agences du Syst\u00e8me des Nations Unies (SNU).<\/p>\n<p>Ses domaines prioritaires sont d\u00e9finis sur la base des priorit\u00e9s de d\u00e9veloppement du Gouvernement du S\u00e9n\u00e9gal, l&rsquo;Agenda 2030 des Objectifs de D\u00e9veloppement Durable (ODD), les Initiatives R\u00e9gionales (RI), les missions et les avantages comparatifs de la FAO.<\/p>\n<p>Cet article <a rel=\"nofollow\" href=\"https:\/\/www.journalducameroun.com\/cadre-de-programmation-par-pays-40-projets-finances-par-la-fao-au-senegal\/\">Cadre de programmation par pays: 40 projets financ\u00e9s par la FAO au S\u00e9n\u00e9gal<\/a> est apparu en premier sur <a rel=\"nofollow\" href=\"https:\/\/www.journalducameroun.com\/\">Journal du Cameroun<\/a>.<\/p>\n<\/div>\n<p>Auteur: APA News<br \/>\n<a href=\"https:\/\/www.journalducameroun.com\/cadre-de-programmation-par-pays-40-projets-finances-par-la-fao-au-senegal\/\">Cliquez ici pour lire l&rsquo;article depuis sa source.<\/a><\/p>\n","protected":false},"excerpt":{"rendered":"<p>La FAO coop\u00e8re avec le S\u00e9n\u00e9gal depuis 1977.Au S\u00e9n\u00e9gal, l&rsquo;Organisation des Nations unies pour l&rsquo;alimentation et l&rsquo;agriculture (FAO) met en \u0153uvre son Cadre de programmation par pays (CPP) sur la p\u00e9riode 2019-2023. Ce document de coop\u00e9ration porte sur 40 projets ax\u00e9s sur la promotion du secteur agro-sylvo-pastoral, halieutique et aquacole ; l&rsquo;am\u00e9lioration de la s\u00e9curit\u00e9 [&hellip;]<\/p>\n","protected":false},"author":1965,"featured_media":0,"comment_status":"closed","ping_status":"closed","sticky":false,"template":"","format":"standard","meta":{"fifu_image_url":"https:\/\/www.journalducameroun.com\/wp-content\/uploads\/2022\/03\/16464826838261.jpg","fifu_image_alt":"Cadre de programmation par pays: 40 projets financ\u00e9s par la FAO au S\u00e9n\u00e9gal","footnotes":""},"categories":[73,82],"tags":[],"class_list":["post-142429","post","type-post","status-publish","format-standard","hentry","category-actualite","category-cameroun"],"_links":{"self":[{"href":"https:\/\/linitiative.ca\/International\/wp-json\/wp\/v2\/posts\/142429","targetHints":{"allow":["GET"]}}],"collection":[{"href":"https:\/\/linitiative.ca\/International\/wp-json\/wp\/v2\/posts"}],"about":[{"href":"https:\/\/linitiative.ca\/International\/wp-json\/wp\/v2\/types\/post"}],"author":[{"embeddable":true,"href":"https:\/\/linitiative.ca\/International\/wp-json\/wp\/v2\/users\/1965"}],"replies":[{"embeddable":true,"href":"https:\/\/linitiative.ca\/International\/wp-json\/wp\/v2\/comments?post=142429"}],"version-history":[{"count":0,"href":"https:\/\/linitiative.ca\/International\/wp-json\/wp\/v2\/posts\/142429\/revisions"}],"wp:attachment":[{"href":"https:\/\/linitiative.ca\/International\/wp-json\/wp\/v2\/media?parent=142429"}],"wp:term":[{"taxonomy":"category","embeddable":true,"href":"https:\/\/linitiative.ca\/International\/wp-json\/wp\/v2\/categories?post=142429"},{"taxonomy":"post_tag","embeddable":true,"href":"https:\/\/linitiative.ca\/International\/wp-json\/wp\/v2\/tags?post=142429"}],"curies":[{"name":"wp","href":"https:\/\/api.w.org\/{rel}","templated":true}]}}