{"id":142431,"date":"2022-03-05T11:44:03","date_gmt":"2022-03-05T16:44:03","guid":{"rendered":"https:\/\/linitiative.ca\/International\/covid-19-maroc-la-situation-epidemiologique-au-5-mars-2022-a-16h00\/"},"modified":"2022-03-05T11:44:03","modified_gmt":"2022-03-05T16:44:03","slug":"covid-19-maroc-la-situation-epidemiologique-au-5-mars-2022-a-16h00","status":"publish","type":"post","link":"https:\/\/linitiative.ca\/International\/covid-19-maroc-la-situation-epidemiologique-au-5-mars-2022-a-16h00\/","title":{"rendered":"Covid-19 \/ Maroc : La situation \u00e9pid\u00e9miologique au 5 mars 2022 \u00e0 16H00"},"content":{"rendered":"<div>\n<p><img loading=\"lazy\" decoding=\"async\" width=\"300\" height=\"153\" src=\"https:\/\/linitiative.ca\/International\/wp-content\/uploads\/sites\/23\/2022\/03\/vaccination-covid19-coronavirus-300x153-1.jpg\" class=\"attachment-medium size-medium wp-post-image\" alt=\"\" srcset=\"https:\/\/linitiative.ca\/International\/wp-content\/uploads\/sites\/23\/2022\/03\/vaccination-covid19-coronavirus-300x153-1.jpg 300w, https:\/\/aujourdhui.ma\/wp-content\/uploads\/2021\/11\/vaccination-covid19-coronavirus-274x140.jpg 274w, https:\/\/aujourdhui.ma\/wp-content\/uploads\/2021\/11\/vaccination-covid19-coronavirus.jpg 746w, https:\/\/aujourdhui.ma\/wp-content\/uploads\/2021\/11\/vaccination-covid19-coronavirus-165x84.jpg 165w, https:\/\/aujourdhui.ma\/wp-content\/uploads\/2021\/11\/vaccination-covid19-coronavirus-702x358.jpg 702w\" sizes=\"auto, (max-width: 300px) 100vw, 300px\"><\/p>\n<p>80 nouveaux cas soit un cumul de 1.161.586 cas \u00e0 ce jour.<br \/>\n210 gu\u00e9risons soit un cumul de 1.142.892 \u00e0 ce jour.<br \/>\n6 nouveaux d\u00e9c\u00e8s donc un cumul de 16.015 \u00e0 ce jour<\/p>\n<p><strong>Nombre de personnes vaccin\u00e9es au 5 mars\u00a0 16H00<\/strong><\/p>\n<p>1\u00e8re dose : 24 756 354<\/p>\n<p>2\u00e8me dose : 23 211 096<\/p>\n<p>3\u00e8me dose : 5 829 794<\/p>\n<p><a href=\"https:\/\/linitiative.ca\/International\/wp-content\/uploads\/sites\/23\/2022\/03\/WhatsApp-Image-2022-03-05-at-4.44.26-PM.jpeg\"><img loading=\"lazy\" decoding=\"async\" class=\"aligncenter size-full wp-image-401574\" src=\"https:\/\/linitiative.ca\/International\/wp-content\/uploads\/sites\/23\/2022\/03\/WhatsApp-Image-2022-03-05-at-4.44.26-PM.jpeg\" alt=\"\" width=\"1108\" height=\"1600\" srcset=\"https:\/\/linitiative.ca\/International\/wp-content\/uploads\/sites\/23\/2022\/03\/WhatsApp-Image-2022-03-05-at-4.44.26-PM.jpeg 1108w, https:\/\/aujourdhui.ma\/wp-content\/uploads\/2022\/03\/WhatsApp-Image-2022-03-05-at-4.44.26-PM-208x300.jpeg 208w, https:\/\/aujourdhui.ma\/wp-content\/uploads\/2022\/03\/WhatsApp-Image-2022-03-05-at-4.44.26-PM-709x1024.jpeg 709w, https:\/\/aujourdhui.ma\/wp-content\/uploads\/2022\/03\/WhatsApp-Image-2022-03-05-at-4.44.26-PM-768x1109.jpeg 768w, https:\/\/aujourdhui.ma\/wp-content\/uploads\/2022\/03\/WhatsApp-Image-2022-03-05-at-4.44.26-PM-1064x1536.jpeg 1064w\" sizes=\"auto, (max-width: 1108px) 100vw, 1108px\"><\/a> <a href=\"https:\/\/linitiative.ca\/International\/wp-content\/uploads\/sites\/23\/2022\/03\/WhatsApp-Image-2022-03-05-at-4.44.27-PM1.jpeg\"><img loading=\"lazy\" decoding=\"async\" class=\"aligncenter size-full wp-image-401575\" src=\"https:\/\/linitiative.ca\/International\/wp-content\/uploads\/sites\/23\/2022\/03\/WhatsApp-Image-2022-03-05-at-4.44.27-PM1.jpeg\" alt=\"\" width=\"770\" height=\"1600\" srcset=\"https:\/\/linitiative.ca\/International\/wp-content\/uploads\/sites\/23\/2022\/03\/WhatsApp-Image-2022-03-05-at-4.44.27-PM1.jpeg 770w, https:\/\/aujourdhui.ma\/wp-content\/uploads\/2022\/03\/WhatsApp-Image-2022-03-05-at-4.44.27-PM1-144x300.jpeg 144w, https:\/\/aujourdhui.ma\/wp-content\/uploads\/2022\/03\/WhatsApp-Image-2022-03-05-at-4.44.27-PM1-493x1024.jpeg 493w, https:\/\/aujourdhui.ma\/wp-content\/uploads\/2022\/03\/WhatsApp-Image-2022-03-05-at-4.44.27-PM1-768x1596.jpeg 768w, https:\/\/aujourdhui.ma\/wp-content\/uploads\/2022\/03\/WhatsApp-Image-2022-03-05-at-4.44.27-PM1-739x1536.jpeg 739w\" sizes=\"auto, (max-width: 770px) 100vw, 770px\"><\/a> <a href=\"https:\/\/linitiative.ca\/International\/wp-content\/uploads\/sites\/23\/2022\/03\/WhatsApp-Image-2022-03-05-at-4.44.27-PM.jpeg\"><img loading=\"lazy\" decoding=\"async\" class=\"aligncenter size-full wp-image-401576\" src=\"https:\/\/linitiative.ca\/International\/wp-content\/uploads\/sites\/23\/2022\/03\/WhatsApp-Image-2022-03-05-at-4.44.27-PM.jpeg\" alt=\"\" width=\"1170\" height=\"882\" srcset=\"https:\/\/linitiative.ca\/International\/wp-content\/uploads\/sites\/23\/2022\/03\/WhatsApp-Image-2022-03-05-at-4.44.27-PM.jpeg 1170w, https:\/\/aujourdhui.ma\/wp-content\/uploads\/2022\/03\/WhatsApp-Image-2022-03-05-at-4.44.27-PM-300x226.jpeg 300w, https:\/\/aujourdhui.ma\/wp-content\/uploads\/2022\/03\/WhatsApp-Image-2022-03-05-at-4.44.27-PM-1024x772.jpeg 1024w, https:\/\/aujourdhui.ma\/wp-content\/uploads\/2022\/03\/WhatsApp-Image-2022-03-05-at-4.44.27-PM-768x579.jpeg 768w\" sizes=\"auto, (max-width: 1170px) 100vw, 1170px\"><\/a><\/p>\n<\/div>\n<p>Auteur: ALM<br \/>\n<a href=\"https:\/\/aujourdhui.ma\/actualite\/covid-19-maroc-la-situation-epidemiologique-au-5-mars-2022-a-16h00\">Cliquez ici pour lire l&rsquo;article depuis sa source.<\/a><\/p>\n","protected":false},"excerpt":{"rendered":"<p>80 nouveaux cas soit un cumul de 1.161.586 cas \u00e0 ce jour. 210 gu\u00e9risons soit un cumul de 1.142.892 \u00e0 ce jour. 6 nouveaux d\u00e9c\u00e8s donc un cumul de 16.015 \u00e0 ce jour Nombre de personnes vaccin\u00e9es au 5 mars\u00a0 16H00 1\u00e8re dose : 24 756 354 2\u00e8me dose : 23 211 096 3\u00e8me dose [&hellip;]<\/p>\n","protected":false},"author":1759,"featured_media":0,"comment_status":"closed","ping_status":"closed","sticky":false,"template":"","format":"standard","meta":{"fifu_image_url":"https:\/\/aujourdhui.ma\/wp-content\/uploads\/2021\/11\/vaccination-covid19-coronavirus-300x153.jpg","fifu_image_alt":"Covid-19 \/ Maroc : La situation \u00e9pid\u00e9miologique au 5 mars 2022 \u00e0 16H00","footnotes":""},"categories":[73,54],"tags":[],"class_list":["post-142431","post","type-post","status-publish","format-standard","hentry","category-actualite","category-maroc"],"_links":{"self":[{"href":"https:\/\/linitiative.ca\/International\/wp-json\/wp\/v2\/posts\/142431","targetHints":{"allow":["GET"]}}],"collection":[{"href":"https:\/\/linitiative.ca\/International\/wp-json\/wp\/v2\/posts"}],"about":[{"href":"https:\/\/linitiative.ca\/International\/wp-json\/wp\/v2\/types\/post"}],"author":[{"embeddable":true,"href":"https:\/\/linitiative.ca\/International\/wp-json\/wp\/v2\/users\/1759"}],"replies":[{"embeddable":true,"href":"https:\/\/linitiative.ca\/International\/wp-json\/wp\/v2\/comments?post=142431"}],"version-history":[{"count":0,"href":"https:\/\/linitiative.ca\/International\/wp-json\/wp\/v2\/posts\/142431\/revisions"}],"wp:attachment":[{"href":"https:\/\/linitiative.ca\/International\/wp-json\/wp\/v2\/media?parent=142431"}],"wp:term":[{"taxonomy":"category","embeddable":true,"href":"https:\/\/linitiative.ca\/International\/wp-json\/wp\/v2\/categories?post=142431"},{"taxonomy":"post_tag","embeddable":true,"href":"https:\/\/linitiative.ca\/International\/wp-json\/wp\/v2\/tags?post=142431"}],"curies":[{"name":"wp","href":"https:\/\/api.w.org\/{rel}","templated":true}]}}