{"id":142436,"date":"2022-03-05T14:45:41","date_gmt":"2022-03-05T19:45:41","guid":{"rendered":"https:\/\/linitiative.ca\/International\/dans-sa-declaration-finale-le-rni-souligne-son-engagement-total-en-faveur-de-toutes-les-initiatives-pour-un-retour-a-une-vie-economique-normale\/"},"modified":"2022-03-05T14:45:41","modified_gmt":"2022-03-05T19:45:41","slug":"dans-sa-declaration-finale-le-rni-souligne-son-engagement-total-en-faveur-de-toutes-les-initiatives-pour-un-retour-a-une-vie-economique-normale","status":"publish","type":"post","link":"https:\/\/linitiative.ca\/International\/dans-sa-declaration-finale-le-rni-souligne-son-engagement-total-en-faveur-de-toutes-les-initiatives-pour-un-retour-a-une-vie-economique-normale\/","title":{"rendered":"Dans sa d\u00e9claration finale, le RNI souligne son engagement total en faveur de toutes les initiatives pour un retour \u00e0 une vie \u00e9conomique normale"},"content":{"rendered":"<div>\n<p><img loading=\"lazy\" decoding=\"async\" width=\"300\" height=\"153\" src=\"https:\/\/linitiative.ca\/International\/wp-content\/uploads\/sites\/23\/2022\/03\/RNI-congre-Akhanouch-300x153-1.jpg\" class=\"attachment-medium size-medium wp-post-image\" alt=\"\" srcset=\"https:\/\/linitiative.ca\/International\/wp-content\/uploads\/sites\/23\/2022\/03\/RNI-congre-Akhanouch-300x153-1.jpg 300w, https:\/\/aujourdhui.ma\/wp-content\/uploads\/2022\/03\/RNI-congre-Akhanouch-274x140.jpg 274w, https:\/\/aujourdhui.ma\/wp-content\/uploads\/2022\/03\/RNI-congre-Akhanouch.jpg 746w, https:\/\/aujourdhui.ma\/wp-content\/uploads\/2022\/03\/RNI-congre-Akhanouch-165x84.jpg 165w, https:\/\/aujourdhui.ma\/wp-content\/uploads\/2022\/03\/RNI-congre-Akhanouch-702x358.jpg 702w\" sizes=\"auto, (max-width: 300px) 100vw, 300px\"><\/p>\n<p><strong>Le Rassemblement National des Ind\u00e9pendants (RNI) a soulign\u00e9 dans un communiqu\u00e9 final \u00e0 l\u2019issue de son 7\u00e8me congr\u00e8s national tenu les 5 et 6 mars \u00e0 Rabat, son engagement total en faveur de toutes les initiatives pour un retour \u00e0 une vie \u00e9conomique normale et une r\u00e9silience face aux r\u00e9percussions de la pand\u00e9mie du Covid-19.<\/strong><span id=\"more-401580\"><\/span><\/p>\n<p>Parmi les initiatives, le communiqu\u00e9 du parti de la colombe cite le programme d\u2019urgence visant \u00e0 att\u00e9nuer les effets du retard accus\u00e9 au niveau des pr\u00e9cipitations, le programme \u00a0\u00bbAwrach\u00a0\u00bb qui porte sur la cr\u00e9ation de 250.000 emplois dans les ann\u00e9es 2022-2023, le programme \u00a0\u00bbForsa\u00a0\u00bb qui vise \u00e0 d\u00e9velopper les comp\u00e9tences de vie des jeunes pour une meilleure insertion socio-\u00e9conomique ainsi que le plan d\u2019urgence pour la promotion du tourisme, outre toutes les autres initiatives que le gouvernement envisage de lancer dans les prochains jours en vue d\u2019am\u00e9liorer le quotidien des citoyens.<\/p>\n<p>\u00a0\u00bbConform\u00e9ment au programme du parti fond\u00e9 \u00e0 sa cr\u00e9ation sur la d\u00e9mocratie sociale, le congr\u00e8s salue hautement le chantier Royal portant sur la g\u00e9n\u00e9ralisation de la couverture sociale, la cons\u00e9cration de la responsabilit\u00e9 de l\u2019\u00c9tat providence et son r\u00f4le d\u00e9terminant dans la r\u00e9duction des pr\u00e9carit\u00e9s et des disparit\u00e9s sociales, tout en se f\u00e9licitant de l\u2019action du gouvernement dirig\u00e9 par le RNI en faveur d\u2019une mat\u00e9rialisation historique et efficiente des chantiers\u00a0\u00bb, soutient-on de m\u00eame source.<\/p>\n<p>Le communiqu\u00e9 assure, \u00e0 ce propos, que tous les militants du parti sont mobilis\u00e9s derri\u00e8re SM le Roi Mohammed VI dans les efforts d\u00e9ploy\u00e9s pour poursuivre la consolidation des piliers d\u2019un \u00c9tat social, saluant hautement les initiatives Royales, toujours audacieuses et pionni\u00e8res pour un renforcement du leadership du Royaume sur la sc\u00e8ne internationale.<\/p>\n<p>Il rel\u00e8ve, par ailleurs, que le RNI est fier de son positionnement politique qui est bas\u00e9 sur \u00a0\u00bbla d\u00e9mocratie sociale en faveur d\u2019une \u00c9tat providence fort\u00a0\u00bb, saluant dans la foul\u00e9e la d\u00e9marche du gouvernement qui est r\u00e9solument engag\u00e9 dans une politique de subvention de nombreux denr\u00e9es et produits (\u00c9lectricit\u00e9, Sucre, Gaz butane) tout en apportant aussi une subvention suppl\u00e9mentaire du bl\u00e9 tendre et ce, en vue pr\u00e9server le pouvoir d\u2019achat des citoyens.<\/p>\n<p>La m\u00eame source se f\u00e9licite aussi du bilan positif de la majorit\u00e9 et son action qui repose sur \u00a0\u00bbl\u2019harmonie, l\u2019engagement et la responsabilit\u00e9\u00a0\u00bb, insistant sur l\u2019acc\u00e9l\u00e9ration de la mise en \u0153uvre des politiques publiques en faveur des couches sociales pr\u00e9caris\u00e9es et ce, dans le but de consacrer la solidarit\u00e9 sociale, illustration r\u00e9elle de l\u2019\u00c9tat social.<\/p>\n<p>Par ailleurs, le communiqu\u00e9 final se f\u00e9licite de l\u2019institutionnalisation du dialogue social qui a d\u00e9but\u00e9 \u00a0\u00bbpeu apr\u00e8s l\u2019investiture du gouvernement, \u00e9tant donn\u00e9 que ce dialogue est le garant de la paix social, ainsi que la cr\u00e9ation de commissions de suivi continu de la mat\u00e9rialisation des dispositions prises dans ce cadre\u00a0\u00bb, mettant en exergue l\u2019approche participative suivie par le gouvernement sur ce registre et qui est fond\u00e9e sur \u00a0\u00bbl\u2019implication pr\u00e9coce et pr\u00e9alable des partenaires sociaux dans toutes les nouvelles strat\u00e9gies portant sur le r\u00e8glement de dossiers h\u00e9rit\u00e9s complexes\u00a0\u00bb.<\/p>\n<p>Le document exprime, \u00e0 ce propos, son satisfecit des accords sign\u00e9s entre le gouvernement et les centrales syndicales dans les domaines de la sant\u00e9 et de l\u2019\u00e9ducation, lesquels accords visent \u00e0 rendre justice \u00e0 une grand nombre de fonctionnaires dans ces domaines.<\/p>\n<p>Sur tout un autre registre, le communiqu\u00e9 final de ce congr\u00e8s du RNI note que \u00a0\u00bble parti, conscient du r\u00f4le fondamentale de l\u2019amazighit\u00e9 dans la promotion de la diversit\u00e9 et la richesse de la culture et de l\u2019identit\u00e9 nationales, a saisi l\u2019occasion de ce congr\u00e8s pour passer en revue avec fiert\u00e9 toutes les batailles men\u00e9es par le parti \u00e0 l\u2019int\u00e9rieur et \u00e0 l\u2019ext\u00e9rieur du parlement en vue d\u2019une officialisation de la langue amazighe\u00a0\u00bb, tout en se disant bien d\u00e9termin\u00e9 \u00e0 poursuivre son action pour conforter la place fondamentale de la culture amazighe sur le plan de l\u2019identit\u00e9 nationale.<\/p>\n<p>Revenant, par ailleurs, sur les derni\u00e8res \u00e9lections, la m\u00eame source note que cette \u00e9ch\u00e9ance \u00e9lectorale a permis au parti de \u00a0\u00bbdiriger l\u00e9gitimement et en toute responsabilit\u00e9 le gouvernement, \u00e0 l\u2019issue d\u2019un triple scrutin qui s\u2019est d\u00e9roul\u00e9 dans les d\u00e9lais fix\u00e9s et en une seule journ\u00e9e, et aussi marqu\u00e9e par une forte participation des \u00e9lecteurs, plus de 50 %, donnant lieu \u00e0 une majorit\u00e9 forte et soud\u00e9e puisant sa l\u00e9gitimit\u00e9 des urnes, expression ultime de la volont\u00e9 populaire, et qui place l\u2019int\u00e9r\u00eat des citoyens au c\u0153ur de ses priorit\u00e9s\u00a0\u00bb.<\/p>\n<p>Sur le plan international, le communiqu\u00e9 \u00e9voque la conjoncture actuelle, particuli\u00e8rement critique au vu de la multiplication des menaces li\u00e9es aux r\u00e9percussions de la pand\u00e9mie du Covid-19 sur le plan socio-\u00e9conomique, relevant que ce contexte a provoqu\u00e9 de profondes mutations qui secouent encore l\u2019ordre mondial, ce qui a donn\u00e9 lieu \u00e0 des chamboulements dans les rapports g\u00e9o-politiques.<\/p>\n<p>Et d\u2019ajouter que l\u2019une des illustrations des mutations qui se sont produites, le consensus \u00e0 propos d\u2019une transformation profonde de la repr\u00e9sentation de l\u2019\u00c9tat dans ses dimensions classiques ainsi que la conviction affirm\u00e9e sur tous les plans quant au constat que la souverainet\u00e9 \u00e9tatique ne peut d\u00e9sormais \u00eatre acquise que par le biais de la possession d\u2019un syst\u00e8me int\u00e9gr\u00e9 consolidant notre s\u00e9curit\u00e9 strat\u00e9gique.<\/p>\n<p>Ce congr\u00e8s s\u2019est \u00e9galement attard\u00e9 sur l\u2019\u00e9volution de la situation dans certaines r\u00e9gions du monde qui sont le th\u00e9\u00e2tre de tensions mena\u00e7ant la paix et la s\u00e9curit\u00e9 internationales, saluant, \u00e0 ce propos, la position du Royaume du Maroc appelant au respect de la charte des Nations unis, l\u2019int\u00e9grit\u00e9 territoriale et nationale des tous les pays membres de l\u2019organisation et aussi du principe d\u2019interdiction du recours \u00e0 la force pour r\u00e9gler les conflits entre les \u00c9tats.<\/p>\n<p>Dans son communiqu\u00e9, le congr\u00e8s appelle ainsi \u00e0 la promotion de toutes les initiatives et mesures en faveur d\u2019un r\u00e8glement pacifique des conflits, saluant les efforts d\u00e9ploy\u00e9s pour rapatrier les marocains en Ukraine tout en notant que le Maroc, \u00e0 la faveur de Hautes Orientations Royales, a \u00e9t\u00e9 le premier pays \u00e0 prendre des mesures concr\u00e8tes en faveur de ses siens.<\/p>\n<p>Toujours sur le registre international, ce congr\u00e8s s\u2019est f\u00e9licit\u00e9 des succ\u00e8s diplomatique cons\u00e9cutifs r\u00e9alis\u00e9s par le Maroc sous l\u2019impulsion de SM le Roi Mohammed VI, et ce, dans le cadre de la d\u00e9fense de la premi\u00e8re cause nationale qui s\u2019est confort\u00e9e par de nouvelles et multiples reconnaissances de la Marocanit\u00e9 du Sahara.<\/p>\n<p>Des succ\u00e8s qui renforcent le sentiment de fiert\u00e9 du peuple marocain pour la vision clairvoyante et proactive du Souverain ainsi que la cr\u00e9dibilit\u00e9 de la proposition d\u2019autonomie sous souverainet\u00e9 marocaine, souligne le parti dans son communiqu\u00e9, avant de r\u00e9it\u00e9rer sa mobilisation constante derri\u00e8re SM le Roi dans la d\u00e9fense de l\u2019int\u00e9grit\u00e9 territoriale du Royaume.<\/p>\n<\/div>\n<p>Auteur: ALM<br \/>\n<a href=\"https:\/\/aujourdhui.ma\/politique\/dans-sa-declaration-finale-le-rni-souligne-son-engagement-total-en-faveur-de-toutes-les-initiatives-pour-un-retour-a-une-vie-economique-normale\">Cliquez ici pour lire l&rsquo;article depuis sa source.<\/a><\/p>\n","protected":false},"excerpt":{"rendered":"<p>Le Rassemblement National des Ind\u00e9pendants (RNI) a soulign\u00e9 dans un communiqu\u00e9 final \u00e0 l\u2019issue de son 7\u00e8me congr\u00e8s national tenu les 5 et 6 mars \u00e0 Rabat, son engagement total en faveur de toutes les initiatives pour un retour \u00e0 une vie \u00e9conomique normale et une r\u00e9silience face aux r\u00e9percussions de la pand\u00e9mie du Covid-19. [&hellip;]<\/p>\n","protected":false},"author":1759,"featured_media":0,"comment_status":"closed","ping_status":"closed","sticky":false,"template":"","format":"standard","meta":{"fifu_image_url":"https:\/\/aujourdhui.ma\/wp-content\/uploads\/2022\/03\/RNI-congre-Akhanouch-300x153.jpg","fifu_image_alt":"Dans sa d\u00e9claration finale, le RNI souligne son engagement total en faveur de toutes les initiatives pour un retour \u00e0 une vie \u00e9conomique normale","footnotes":""},"categories":[73,54],"tags":[],"class_list":["post-142436","post","type-post","status-publish","format-standard","hentry","category-actualite","category-maroc"],"_links":{"self":[{"href":"https:\/\/linitiative.ca\/International\/wp-json\/wp\/v2\/posts\/142436","targetHints":{"allow":["GET"]}}],"collection":[{"href":"https:\/\/linitiative.ca\/International\/wp-json\/wp\/v2\/posts"}],"about":[{"href":"https:\/\/linitiative.ca\/International\/wp-json\/wp\/v2\/types\/post"}],"author":[{"embeddable":true,"href":"https:\/\/linitiative.ca\/International\/wp-json\/wp\/v2\/users\/1759"}],"replies":[{"embeddable":true,"href":"https:\/\/linitiative.ca\/International\/wp-json\/wp\/v2\/comments?post=142436"}],"version-history":[{"count":0,"href":"https:\/\/linitiative.ca\/International\/wp-json\/wp\/v2\/posts\/142436\/revisions"}],"wp:attachment":[{"href":"https:\/\/linitiative.ca\/International\/wp-json\/wp\/v2\/media?parent=142436"}],"wp:term":[{"taxonomy":"category","embeddable":true,"href":"https:\/\/linitiative.ca\/International\/wp-json\/wp\/v2\/categories?post=142436"},{"taxonomy":"post_tag","embeddable":true,"href":"https:\/\/linitiative.ca\/International\/wp-json\/wp\/v2\/tags?post=142436"}],"curies":[{"name":"wp","href":"https:\/\/api.w.org\/{rel}","templated":true}]}}