{"id":142445,"date":"2022-03-06T08:57:13","date_gmt":"2022-03-06T13:57:13","guid":{"rendered":"https:\/\/linitiative.ca\/International\/linterdiction-des-ententes-permet-deviter-la-hausse-injustifiee-des-prix\/"},"modified":"2022-03-06T08:57:13","modified_gmt":"2022-03-06T13:57:13","slug":"linterdiction-des-ententes-permet-deviter-la-hausse-injustifiee-des-prix","status":"publish","type":"post","link":"https:\/\/linitiative.ca\/International\/linterdiction-des-ententes-permet-deviter-la-hausse-injustifiee-des-prix\/","title":{"rendered":"L\u2019interdiction des ententes permet d\u2019\u00e9viter la hausse injustifi\u00e9e des prix"},"content":{"rendered":"<div>\n<p class=\"has-text-align-center has-vivid-red-color has-text-color\"><strong>Entretien de Rahhou, pr\u00e9sident du Conseil de la concurrence<\/strong><\/p>\n<p class=\"has-vivid-cyan-blue-color has-text-color\"><strong>L\u2019interdiction des ententes par la loi vise \u00e0 prot\u00e9ger le consommateur et les op\u00e9rateurs, tout en \u00e9vitant les hausses injustifi\u00e9es des prix suite aux p\u00e9nuries, a soulign\u00e9 jeudi \u00e0 Rabat, le pr\u00e9sident du Conseil de la concurrence, Ahmed Rahhou.<\/strong><\/p>\n<p>L\u2019interdiction des ententes vise premi\u00e8rement \u00e0 prot\u00e9ger le consommateur pour qu\u2019il ait les meilleurs prix, deuxi\u00e8mement \u00e0 prot\u00e9ger les op\u00e9rateurs contre les alliances qui peuvent se faire contre leurs int\u00e9r\u00eats, a dit M. Rahhou lors d\u2019un entretien accord\u00e9 \u00e0 la MAP suite \u00e0 la publication d\u2019un communiqu\u00e9, rappelant que \u00ab\u00a0la pluralit\u00e9 et la non concertation au Maroc vise \u00e0 \u00e9viter les p\u00e9nuries, qui sont souvent source d\u2019une augmentation injustifi\u00e9e des prix\u00a0\u00bb. \u00ab\u00a0Il faut veiller \u00e0 ce que les ententes n\u2019aient pas lieu, notamment lorsqu\u2019il y a une augmentation des prix des mati\u00e8res premi\u00e8res pour \u00e9viter d\u2019avoir des prix en hausse, au del\u00e0 du raisonnable\u00a0\u00bb, a-t-il soulign\u00e9. Suite \u00e0 la flamb\u00e9e des prix des produits de l\u2019\u00e9nergie et des mati\u00e8res premi\u00e8res que connait le monde entier et qui influe sur l\u2019ensemble des produits consomm\u00e9s, M. Rahhou a indiqu\u00e9 que le communiqu\u00e9 publi\u00e9 par le conseil de la concurrence et adress\u00e9 \u00e0 toutes les associations professionnelles, les f\u00e9d\u00e9rations ou syndicats sectoriels, vise \u00e0 rappeler \u00e0 certaines associations, qui \u00e9taient amen\u00e9es \u00e0 annoncer des augmentations concert\u00e9es de prix, que \u00ab\u00a0les r\u00e8gles en mati\u00e8re de fixation de prix sont celles de l\u2019offre et de la demande, comme stipul\u00e9 par la loi\u00a0\u00bb.<\/p>\n<p>Concr\u00e8tement, cela signifie que le vendeur ou le distributeur du produit est seul qui peut juger si il doit augmenter ou baisser les prix, a expliqu\u00e9 le pr\u00e9sident du Conseil de la concurrence.<\/p>\n<p>Et de soutenir que ce communiqu\u00e9 constitue aussi \u00ab\u00a0un rappel de la vigilance du conseil par rapport \u00e0 ce qui se produit dans le march\u00e9\u00a0\u00bb, et que si ces pratiques sont constat\u00e9es, \u00ab\u00a0elles pourraient donner lieu \u00e0 des enqu\u00eates et \u00e0 des cons\u00e9quences, pr\u00e9vues dans le cadre de la loi\u00a0\u00bb.<\/p>\n<p>Lorsque deux ou plusieurs op\u00e9rateurs se rencontrent, notamment dans le cadre de leurs associations professionnelles, \u00ab\u00a0ils ont interdiction de parler des prix, de les fixer de mani\u00e8re conjointe et de discuter des \u00e9l\u00e9ments qui peuvent les influencer notamment les prix d\u2019achat, le niveau des stocks et les stockages communs\u00a0\u00bb, a pr\u00e9cis\u00e9 le pr\u00e9sident du Conseil de la concurrence. Dans le sillage de la hausse des prix due \u00e0 une conjoncture internationale aggrav\u00e9e par des \u00e9v\u00e9nements g\u00e9opolitiques, M. Rahhou a soulign\u00e9 que le conseil veille \u00e0 ce que la \u00ab\u00a0hausse est induite par l\u2019ext\u00e9rieur ne soit pas exag\u00e9r\u00e9ment d\u00e9multipli\u00e9e au Maroc et qu\u2019on n\u2019en profite pas pour aller vers des niveaux de hausse qui ne sont pas compatibles avec ce qui est constat\u00e9 sur le march\u00e9\u00a0\u00bb.<\/p>\n<p>Par ailleurs, il a fait savoir que la conjoncture mondiale pourrait impacter l\u2019acc\u00e8s au produit, appelant les op\u00e9rateurs marocains \u00ab\u00a0\u00e0 rester alertes et \u00e0 veiller sur l\u2019approvisionnement\u00a0\u00bb, notamment en produits de premi\u00e8re n\u00e9cessit\u00e9, puisque \u00ab\u00a0un manque \u00e0 un instant donn\u00e9, peut accentuer encore l\u2019augmentation de prix\u00a0\u00bb.<\/p>\n<p>L\u2019article <a rel=\"nofollow\" href=\"http:\/\/albayane.press.ma\/linterdiction-des-ententes-permet-deviter-la-hausse-injustifiee-des-prix.html\">L\u2019interdiction des ententes permet d\u2019\u00e9viter la hausse injustifi\u00e9e des prix<\/a> est apparu en premier sur <a rel=\"nofollow\" href=\"http:\/\/albayane.press.ma\/\">ALBAYANE<\/a>.<\/p>\n<\/div>\n<p>Auteur: M&rsquo;hammed rahal<br \/>\n<a href=\"http:\/\/albayane.press.ma\/linterdiction-des-ententes-permet-deviter-la-hausse-injustifiee-des-prix.html\">Cliquez ici pour lire l&rsquo;article depuis sa source.<\/a><\/p>\n","protected":false},"excerpt":{"rendered":"<p>Entretien de Rahhou, pr\u00e9sident du Conseil de la concurrence L\u2019interdiction des ententes par la loi vise \u00e0 prot\u00e9ger le consommateur et les op\u00e9rateurs, tout en \u00e9vitant les hausses injustifi\u00e9es des prix suite aux p\u00e9nuries, a soulign\u00e9 jeudi \u00e0 Rabat, le pr\u00e9sident du Conseil de la concurrence, Ahmed Rahhou. L\u2019interdiction des ententes vise premi\u00e8rement \u00e0 prot\u00e9ger [&hellip;]<\/p>\n","protected":false},"author":1760,"featured_media":0,"comment_status":"closed","ping_status":"closed","sticky":false,"template":"","format":"standard","meta":{"fifu_image_url":"","fifu_image_alt":"","footnotes":""},"categories":[73,54],"tags":[],"class_list":["post-142445","post","type-post","status-publish","format-standard","hentry","category-actualite","category-maroc"],"_links":{"self":[{"href":"https:\/\/linitiative.ca\/International\/wp-json\/wp\/v2\/posts\/142445","targetHints":{"allow":["GET"]}}],"collection":[{"href":"https:\/\/linitiative.ca\/International\/wp-json\/wp\/v2\/posts"}],"about":[{"href":"https:\/\/linitiative.ca\/International\/wp-json\/wp\/v2\/types\/post"}],"author":[{"embeddable":true,"href":"https:\/\/linitiative.ca\/International\/wp-json\/wp\/v2\/users\/1760"}],"replies":[{"embeddable":true,"href":"https:\/\/linitiative.ca\/International\/wp-json\/wp\/v2\/comments?post=142445"}],"version-history":[{"count":0,"href":"https:\/\/linitiative.ca\/International\/wp-json\/wp\/v2\/posts\/142445\/revisions"}],"wp:attachment":[{"href":"https:\/\/linitiative.ca\/International\/wp-json\/wp\/v2\/media?parent=142445"}],"wp:term":[{"taxonomy":"category","embeddable":true,"href":"https:\/\/linitiative.ca\/International\/wp-json\/wp\/v2\/categories?post=142445"},{"taxonomy":"post_tag","embeddable":true,"href":"https:\/\/linitiative.ca\/International\/wp-json\/wp\/v2\/tags?post=142445"}],"curies":[{"name":"wp","href":"https:\/\/api.w.org\/{rel}","templated":true}]}}