{"id":142446,"date":"2022-03-06T09:04:40","date_gmt":"2022-03-06T14:04:40","guid":{"rendered":"https:\/\/linitiative.ca\/International\/nos-anciens-resistants-reconnus-a-leur-juste-valeur\/"},"modified":"2022-03-06T09:04:40","modified_gmt":"2022-03-06T14:04:40","slug":"nos-anciens-resistants-reconnus-a-leur-juste-valeur","status":"publish","type":"post","link":"https:\/\/linitiative.ca\/International\/nos-anciens-resistants-reconnus-a-leur-juste-valeur\/","title":{"rendered":"Nos anciens r\u00e9sistants, reconnus \u00e0 leur juste valeur"},"content":{"rendered":"<div>\n<p class=\"has-text-align-center has-vivid-red-color has-text-color\"><strong>Comm\u00e9moration du 64\u00e8me anniversaire de la bataille de Dcheira<\/strong><\/p>\n<p class=\"has-text-align-right\"><strong>Karim Ben Amar<\/strong><\/p>\n<p class=\"has-vivid-cyan-blue-color has-text-color\"><strong><em>La comm\u00e9moration du 64 \u00e8me anniversaire de la bataille de Dcheira fut un \u00e9v\u00e9nement haut en couleur. En d\u00e9placement dans les provinces du sud, une importante d\u00e9l\u00e9gation pr\u00e9sid\u00e9e par le haut-commissaire des anciens r\u00e9sistants et de l\u2019arm\u00e9e de lib\u00e9ration, Mustapha El Ktiri, accompagn\u00e9 par les anciens r\u00e9sistants et membre de l\u2019arm\u00e9e de lib\u00e9ration, des fonctionnaires, ainsi que des journalistes relevant de la presse nationale a marqu\u00e9 cet \u00e9v\u00e8nement historique en faisant une halte dans la commune de Dcheira mais aussi dans les villes de Laayoune, Es-Semara et Boujdour.<\/em><\/strong><\/p>\n<p>Ce d\u00e9placement a \u00e9t\u00e9 l\u2019occasion de rencontrer ces h\u00e9ros de la r\u00e9sistance qui ont illumin\u00e9 le voyage. Mais la question qu\u2019il convient de se poser, est celle de savoir s\u2019ils sont satisfaits de l\u2019attention que leur porte le haut-commissariat ? Ce genre d\u2019\u00e9v\u00e8nements et de comm\u00e9morations sont-ils un moyen de rapprocher la m\u00e9moire nationale pour les g\u00e9n\u00e9rations montantes. Ces tourn\u00e9es dans les diff\u00e9rentes r\u00e9gions du royaume ravivent-elles la n\u00e9cessit\u00e9 du devoir de m\u00e9moire\u00a0?<\/p>\n<p>Moment de recueillement, mais dans la joie et la bonne humeur. Voil\u00e0 le mot d\u2019ordre de nos anciens combattants ayant pris part \u00e0 la comm\u00e9moration du 64\u00e8me anniversaire de la bataille de Dcheira et du 46\u00e8me anniversaire du d\u00e9part du dernier soldat \u00e9tranger de nos provinces du sud.<\/p>\n<p>Souriant et extr\u00eamement solidaire, nous avons eu droit de la part de ses h\u00e9ros de la r\u00e9sistance \u00e0 une v\u00e9ritable le\u00e7on d\u2019humilit\u00e9. Se tenant la main tout en s\u2019assurant de n\u2019avoir oubli\u00e9 personne, ces h\u00e9ros n\u2019ont en aucun cas perdu l\u2019esprit de camaraderie. Tout comme sur le champ de bataille, nos anciens r\u00e9sistants, tout au long du s\u00e9jour \u00e9taient soud\u00e9s et unis comme les doigts d\u2019une main. Trait\u00e9s avec beaucoup d\u2019\u00e9gard et de sollicitude, ces h\u00e9ros qui se sont battus pour notre libert\u00e9, inspirent grands et petits.<\/p>\n<p>Le haut-commissariat des anciens r\u00e9sistants et de l\u2019arm\u00e9e de lib\u00e9ration \u0153uvre tout au long de l\u2019ann\u00e9e pour leur qui\u00e9tude et leur bien-\u00eatre. A ce sujet, Ibrahim Souktani, r\u00e9sistant de la premi\u00e8re heure a affirm\u00e9 \u00e0 l\u2019\u00e9quipe d\u2019Al Bayane que \u00abnous autres, les anciens de l\u2019arm\u00e9e de Lib\u00e9ration sommes tr\u00e8s contents de prendre part \u00e0 cet \u00e9v\u00e8nement. Plusieurs fois dans l\u2019ann\u00e9e, nous sommes convi\u00e9s \u00e0 prendre part \u00e0 ces festivit\u00e9s\u00bb. Et d\u2019ajouter, le haut-commissariat avec \u00e0 sa t\u00eate Mustapha El Ktiri s\u2019active tout au long de l\u2019ann\u00e9e pour que les r\u00e9sistants mais aussi leurs familles ne manquent de rien. Mais que l\u2019on soit bien clair, lorsque je dis ne manque de rien, je ne parle pas de moyens financiers, nous avons tous nos retraites ainsi que la prise en charge m\u00e9dicale totale\u00bb.<\/p>\n<p>\u00abCe qui nous fait plus plaisir et nous honore, c\u2019est la reconnaissance. Lorsque nous voyons que notre sacrifice n\u2019a pas \u00e9t\u00e9 vain, mais surtout pour les camarades qui ont fait offrandes de leurs vies pour l\u2019ind\u00e9pendance, notre Roi et la libert\u00e9 de nos tous, nos fr\u00e8res et s\u0153urs, nous sommes r\u00e9confort\u00e9s\u00bb, a-t-il soulign\u00e9 non sans conviction.<\/p>\n<p>Ce genre d\u2019\u00e9v\u00e8nements a cependant une port\u00e9e bien plus importante que la comm\u00e9moration. A cet effet, Ibrahim Souktani a rappel\u00e9 que \u00abces \u00e9v\u00e8nements valorisent les sacrifices des membres de l\u2019arm\u00e9e de lib\u00e9ration mais encore plus important que cela, ils \u0153uvrent pour consolider la m\u00e9moire nationale pour les g\u00e9n\u00e9rations montantes et les g\u00e9n\u00e9rations futures\u00bb.<\/p>\n<p>Tous les anciens combattants sont d\u2019accord sur ce point: de tels \u00e9v\u00e8nement ravivent la flamme et contribuent au devoir de m\u00e9moire. \u00abLes g\u00e9n\u00e9rations d\u2019aujourd\u2019hui jouissent d\u2019une libert\u00e9 totale. A notre \u00e9poque et durant le protectorat, ce n\u2019\u00e9tait pas notre cas. Il suffisait que nous nous \u00e9loignions de la m\u00e9dina pour paraitre suspect. C\u2019est pour cette raison que la g\u00e9n\u00e9ration montante et les g\u00e9n\u00e9rations futures doivent imp\u00e9rativement prendre conscience de leur libert\u00e9. Pour cette raison, il ne faut jamais se lasser de raviver la flamme de l\u2019arm\u00e9e de lib\u00e9ration\u00bb. Et de conclure, \u00abnul n\u2019est \u00e9ternel, m\u00eame lorsque le dernier ancien r\u00e9sistant aura rejoint ses fr\u00e8res d\u2019arme dans l\u2019au-del\u00e0, le devoir de m\u00e9moire ne doit jamais cesser, car le souvenir est le levier pour le progr\u00e8s et l\u2019\u00e9panouissement des prochaines g\u00e9n\u00e9rations\u00bb.<\/p>\n<p>L\u2019article <a rel=\"nofollow\" href=\"http:\/\/albayane.press.ma\/nos-anciens-resistants-reconnus-a-leur-juste-valeur.html\">Nos anciens r\u00e9sistants, reconnus \u00e0 leur juste valeur<\/a> est apparu en premier sur <a rel=\"nofollow\" href=\"http:\/\/albayane.press.ma\/\">ALBAYANE<\/a>.<\/p>\n<\/div>\n<p>Auteur: M&rsquo;hammed rahal<br \/>\n<a href=\"http:\/\/albayane.press.ma\/nos-anciens-resistants-reconnus-a-leur-juste-valeur.html\">Cliquez ici pour lire l&rsquo;article depuis sa source.<\/a><\/p>\n","protected":false},"excerpt":{"rendered":"<p>Comm\u00e9moration du 64\u00e8me anniversaire de la bataille de Dcheira Karim Ben Amar La comm\u00e9moration du 64 \u00e8me anniversaire de la bataille de Dcheira fut un \u00e9v\u00e9nement haut en couleur. En d\u00e9placement dans les provinces du sud, une importante d\u00e9l\u00e9gation pr\u00e9sid\u00e9e par le haut-commissaire des anciens r\u00e9sistants et de l\u2019arm\u00e9e de lib\u00e9ration, Mustapha El Ktiri, accompagn\u00e9 [&hellip;]<\/p>\n","protected":false},"author":1760,"featured_media":0,"comment_status":"closed","ping_status":"closed","sticky":false,"template":"","format":"standard","meta":{"fifu_image_url":"","fifu_image_alt":"","footnotes":""},"categories":[73,54],"tags":[],"class_list":["post-142446","post","type-post","status-publish","format-standard","hentry","category-actualite","category-maroc"],"_links":{"self":[{"href":"https:\/\/linitiative.ca\/International\/wp-json\/wp\/v2\/posts\/142446","targetHints":{"allow":["GET"]}}],"collection":[{"href":"https:\/\/linitiative.ca\/International\/wp-json\/wp\/v2\/posts"}],"about":[{"href":"https:\/\/linitiative.ca\/International\/wp-json\/wp\/v2\/types\/post"}],"author":[{"embeddable":true,"href":"https:\/\/linitiative.ca\/International\/wp-json\/wp\/v2\/users\/1760"}],"replies":[{"embeddable":true,"href":"https:\/\/linitiative.ca\/International\/wp-json\/wp\/v2\/comments?post=142446"}],"version-history":[{"count":0,"href":"https:\/\/linitiative.ca\/International\/wp-json\/wp\/v2\/posts\/142446\/revisions"}],"wp:attachment":[{"href":"https:\/\/linitiative.ca\/International\/wp-json\/wp\/v2\/media?parent=142446"}],"wp:term":[{"taxonomy":"category","embeddable":true,"href":"https:\/\/linitiative.ca\/International\/wp-json\/wp\/v2\/categories?post=142446"},{"taxonomy":"post_tag","embeddable":true,"href":"https:\/\/linitiative.ca\/International\/wp-json\/wp\/v2\/tags?post=142446"}],"curies":[{"name":"wp","href":"https:\/\/api.w.org\/{rel}","templated":true}]}}