{"id":142448,"date":"2022-03-06T09:21:22","date_gmt":"2022-03-06T14:21:22","guid":{"rendered":"https:\/\/linitiative.ca\/International\/le-pps-premier-parti-a-visiter-la-toute-nouvelle-zone-dactivites-economiques-de-fnideq\/"},"modified":"2022-03-06T09:21:22","modified_gmt":"2022-03-06T14:21:22","slug":"le-pps-premier-parti-a-visiter-la-toute-nouvelle-zone-dactivites-economiques-de-fnideq","status":"publish","type":"post","link":"https:\/\/linitiative.ca\/International\/le-pps-premier-parti-a-visiter-la-toute-nouvelle-zone-dactivites-economiques-de-fnideq\/","title":{"rendered":"Le PPS, premier Parti \u00e0 visiter la toute nouvelle zone d\u2019activit\u00e9s \u00e9conomiques de Fnideq"},"content":{"rendered":"<div>\n<p class=\"has-text-align-center has-vivid-red-color has-text-color\"><strong>Tourn\u00e9e de la caravane du Livre dans la r\u00e9gion de Tanger-T\u00e9touan-Al-Hoceima<\/strong><\/p>\n<p class=\"has-text-align-right\"><strong>Karim Ben Amar<\/strong><\/p>\n<p class=\"has-text-color\" style=\"color:#0639e5\"><strong>Dans le cadre de la tourn\u00e9e de la caravane du Livre, le groupe parlementaire progressiste \u00e0 la chambre des repr\u00e9sentants et l\u2019association d\u00e9mocratique des \u00e9lus progressistes ont effectu\u00e9 une visite dans la nouvelle Zone d\u2019activit\u00e9s \u00e9conomique (ZAE) de Fnideq. D\u00e9put\u00e9s, \u00e9lus et militants progressistes \u00e9taient pr\u00e9sents en nombre pour la visite de ce joyau qui a n\u00e9cessit\u00e9 une enveloppe de plus de 200 millions de dirhams. Le PPS est le premier Parti \u00e0 s\u2019\u00eatre rendu sur les lieux. Tour d\u2019horizon.<\/strong><\/p>\n<p>La nouvelle Zone d\u2019activit\u00e9s \u00e9conomiques (ZAE) de Fnideq a accueilli, le samedi 6 mars 2022, dans le cadre de la tourn\u00e9e de la caravane du Livre, le groupe parlementaire, progressiste, les membres de l\u2019association d\u00e9mocratique des \u00e9lus progressistes, ainsi que les militantes et militants du PPS.<\/p>\n<p>Cette nouvelle zone franche, qui s\u2019inscrit dans le cadre du programme de d\u00e9veloppement \u00e9conomique et social de la province de T\u00e9touan et de la pr\u00e9fecture de M\u2019diq-Fnideq, a n\u00e9cessit\u00e9 la mobilisation d\u2019une enveloppe budg\u00e9taire de plus de 200 millions de dirhams.<\/p>\n<p>\u00a0Ce joyau est le fruit d\u2019un partenariat sign\u00e9 en f\u00e9vrier 2020, entre le minist\u00e8re de l\u2019Int\u00e9rieur, celui de l\u2019\u00c9conomie et des Finances, en plus de l\u2019Industrie et du Commerce, du conseil de la r\u00e9gion, l\u2019Agence pour la promotion et le d\u00e9veloppement du Nord, de l\u2019Agence sp\u00e9ciale Tanger Med, de la wilaya de la r\u00e9gion Tanger-T\u00e9touan-Al-Hoceima, de la pr\u00e9fecture de M\u2019diq-Fnideq, de l\u2019Administration des douanes et imp\u00f4ts indirects et enfin, le centre r\u00e9gional d\u2019investissement de la r\u00e9gion.<\/p>\n<p>Situ\u00e9e \u00e0 une vingtaine de kilom\u00e8tres du port de Tanger Med, cette zone est dot\u00e9e d\u2019infrastructures et d\u2019\u00e9quipements r\u00e9pondant aux normes internationales. La premi\u00e8re tranche de ce projet, d\u2019une superficie de 10 ha, est constitu\u00e9e de 76 entrep\u00f4ts en plus de toutes les commodit\u00e9s et installations communes n\u00e9cessaires \u00e0 son fonctionnement. Moderne et adapt\u00e9e aux activit\u00e9s de commerce et de n\u00e9goce, elle devra bient\u00f4t connaitre un engouement national.<\/p>\n<p>A terme, la zone s\u2019\u00e9talera sur une superficie totale de 95 ha destin\u00e9e exclusivement aux activit\u00e9s de distribution et du commerce et pr\u00e9sentant plusieurs avantages.<\/p>\n<p>Cette flambante neuve ZAE de Fnideq offre aux commer\u00e7ants un mode de gestion adapt\u00e9 et aux meilleurs standards \u00e0 l\u2019image des zones d\u2019acc\u00e9l\u00e9ration industrielles de la r\u00e9gion, un mode de fonctionnement et un syst\u00e8me logistique d\u00e9di\u00e9s et con\u00e7us avec l\u2019implication des diff\u00e9rents acteurs r\u00e9gionaux et nationaux concern\u00e9s et un accompagnement convergent et personnalis\u00e9 de la part de tous les intervenants dans la fluidification des flux de la zone, d\u2019apr\u00e8s Othmane Khotar, membre du comit\u00e9 central et ex \u00e9lu dans la r\u00e9gion de Tanger-T\u00e9touan-Al Hoceima.<\/p>\n<p>L\u2019article <a rel=\"nofollow\" href=\"http:\/\/albayane.press.ma\/le-pps-premier-parti-a-visiter-la-toute-nouvelle-zone-dactivites-economiques-de-fnideq.html\">Le PPS, premier Parti \u00e0 visiter la toute nouvelle zone d\u2019activit\u00e9s \u00e9conomiques de Fnideq<\/a> est apparu en premier sur <a rel=\"nofollow\" href=\"http:\/\/albayane.press.ma\/\">ALBAYANE<\/a>.<\/p>\n<\/div>\n<p>Auteur: M&rsquo;hammed rahal<br \/>\n<a href=\"http:\/\/albayane.press.ma\/le-pps-premier-parti-a-visiter-la-toute-nouvelle-zone-dactivites-economiques-de-fnideq.html\">Cliquez ici pour lire l&rsquo;article depuis sa source.<\/a><\/p>\n","protected":false},"excerpt":{"rendered":"<p>Tourn\u00e9e de la caravane du Livre dans la r\u00e9gion de Tanger-T\u00e9touan-Al-Hoceima Karim Ben Amar Dans le cadre de la tourn\u00e9e de la caravane du Livre, le groupe parlementaire progressiste \u00e0 la chambre des repr\u00e9sentants et l\u2019association d\u00e9mocratique des \u00e9lus progressistes ont effectu\u00e9 une visite dans la nouvelle Zone d\u2019activit\u00e9s \u00e9conomique (ZAE) de Fnideq. D\u00e9put\u00e9s, \u00e9lus [&hellip;]<\/p>\n","protected":false},"author":1760,"featured_media":0,"comment_status":"closed","ping_status":"closed","sticky":false,"template":"","format":"standard","meta":{"fifu_image_url":"","fifu_image_alt":"","footnotes":""},"categories":[73,54],"tags":[],"class_list":["post-142448","post","type-post","status-publish","format-standard","hentry","category-actualite","category-maroc"],"_links":{"self":[{"href":"https:\/\/linitiative.ca\/International\/wp-json\/wp\/v2\/posts\/142448","targetHints":{"allow":["GET"]}}],"collection":[{"href":"https:\/\/linitiative.ca\/International\/wp-json\/wp\/v2\/posts"}],"about":[{"href":"https:\/\/linitiative.ca\/International\/wp-json\/wp\/v2\/types\/post"}],"author":[{"embeddable":true,"href":"https:\/\/linitiative.ca\/International\/wp-json\/wp\/v2\/users\/1760"}],"replies":[{"embeddable":true,"href":"https:\/\/linitiative.ca\/International\/wp-json\/wp\/v2\/comments?post=142448"}],"version-history":[{"count":0,"href":"https:\/\/linitiative.ca\/International\/wp-json\/wp\/v2\/posts\/142448\/revisions"}],"wp:attachment":[{"href":"https:\/\/linitiative.ca\/International\/wp-json\/wp\/v2\/media?parent=142448"}],"wp:term":[{"taxonomy":"category","embeddable":true,"href":"https:\/\/linitiative.ca\/International\/wp-json\/wp\/v2\/categories?post=142448"},{"taxonomy":"post_tag","embeddable":true,"href":"https:\/\/linitiative.ca\/International\/wp-json\/wp\/v2\/tags?post=142448"}],"curies":[{"name":"wp","href":"https:\/\/api.w.org\/{rel}","templated":true}]}}