{"id":142449,"date":"2022-03-06T09:23:40","date_gmt":"2022-03-06T14:23:40","guid":{"rendered":"https:\/\/linitiative.ca\/International\/echanges-fructueux-pour-ameliorer-le-rendement-du-travail-partisan\/"},"modified":"2022-03-06T09:23:40","modified_gmt":"2022-03-06T14:23:40","slug":"echanges-fructueux-pour-ameliorer-le-rendement-du-travail-partisan","status":"publish","type":"post","link":"https:\/\/linitiative.ca\/International\/echanges-fructueux-pour-ameliorer-le-rendement-du-travail-partisan\/","title":{"rendered":"Echanges fructueux pour am\u00e9liorer le rendement du travail partisan"},"content":{"rendered":"<div>\n<p class=\"has-text-align-center has-vivid-red-color has-text-color\"><strong>La Caravane du Livre fait escale \u00e0 T\u00e9touan<\/strong><\/p>\n<p class=\"has-text-align-right\"><strong>Karim Ben Amar<\/strong><\/p>\n<p class=\"has-text-color\" style=\"color:#0645e5\"><strong>L\u2019association d\u00e9mocratique des \u00e9lus progressistes (ADEP) et le groupe parlementaire progressiste ont organis\u00e9 r\u00e9cemment la tourn\u00e9e de la caravane du Livre qui \u00e9tait de passage dans la r\u00e9gion de Tanger-T\u00e9touan-Al-Hoceima. L\u2019\u00e9v\u00e8nement tr\u00e8s attendu par les militantes et militants du Parti du Progr\u00e8s et du Socialisme (PPS) s\u2019est d\u00e9roul\u00e9 \u00e0 T\u00e9touan du vendredi 4 au samedi 5 mars 2022. Les camarades ont fait le d\u00e9placement de plusieurs provinces de la r\u00e9gion pour assister \u00e0 cette rencontre partisane. Les d\u00e9tails.<\/strong><\/p>\n<p>C\u2019est \u00e0 T\u00e9touan que la caravane du livre a pos\u00e9 ses valises. Plus d\u2019une demi-heure avant le d\u00e9but de la rencontre, la salle de conf\u00e9rence de l\u2019H\u00f4tel Al Mandari \u00e9tait comble. Des militants venus de tous les coins de la r\u00e9gion \u00e9taient pr\u00e9sents en nombre pour assister aux travaux d\u2019ouverture de la caravane du livre.<\/p>\n<p>Lors de cet \u00e9v\u00e8nement, dans un esprit de camaraderie et dans une ambiance d\u2019engagement et de mobilisation, d\u00e9put\u00e9s, \u00e9lus et militants ont pu partager des id\u00e9es et propositions afin d\u2019am\u00e9liorer le rendement du travail partisan.<\/p>\n<p>Le pr\u00e9sident du groupe parlementaire progressiste, le camarade Rachid Hammouni a affirm\u00e9 lors de sa prise de parole que \u00ab\u00a0le PPS n\u2019attend pas la p\u00e9riode des \u00e9lections pour se rendre chez les militants. Nous ne voulons pas d\u2019un Parti qui a pour seule t\u00e2che de d\u00e9livrer les accr\u00e9ditations\u00a0\u00bb.<\/p>\n<p>\u00ab Notre Parti est celui du peuple. C\u2019est pour cette raison que nous nous engageons \u00e0 d\u00e9fendre la classe ouvri\u00e8re, et pour que nous puissions r\u00e9aliser cet objectif ambitieux, il faut que les \u00e9lus locaux, r\u00e9gionaux et les parlementaires du Parti travaillent d\u2019arrache-pied pour redonner confiance aux marocains qui ont confiance en l\u2019action politique\u00a0\u00bb, a-t-il ajout\u00e9.<\/p>\n<p>Le membre du bureau politique et pr\u00e9sident de l\u2019association d\u00e9mocratique des \u00e9lus progressistes, Karim Tej a pour son part soulign\u00e9 que \u00ab\u00a0si nous sommes venus aujourd\u2019hui, c\u2019est tout d\u2019abord pour \u00e9tablir un canal de communication entre nous et faire plus ample connaissance\u00a0\u00bb.<\/p>\n<p>\u00ab\u00a0Le PPS, n\u2019est pas un Parti strictement \u00e9lectoral. C\u2019est certes important pour pouvoir d\u00e9cider, mais nous estimons que rien ne remplace le travail militant quotidien\u00a0\u00bb, a-t-il d\u00e9clar\u00e9.<\/p>\n<p>Karim Tej a aussi annonc\u00e9 que l\u2019association d\u00e9mocratique des \u00e9lus progressistes sera d\u00e9sormais active dans la r\u00e9gion. Pr\u00e9sid\u00e9 par le secr\u00e9taire provincial du Parti, le camarade Zouhair\u00a0 Rouggani, \u00e9lus progressistes et militants travailleront main dans la main\u00a0 afin de r\u00e9aliser de meilleurs r\u00e9sultats dans la r\u00e9gion en 2026 et en 2027.<\/p>\n<p>L\u2019article <a rel=\"nofollow\" href=\"http:\/\/albayane.press.ma\/exchanges-fructueux-pour-ameliorer-le-rendement-du-travail-partisan.html\">Echanges fructueux pour am\u00e9liorer le rendement du travail partisan<\/a> est apparu en premier sur <a rel=\"nofollow\" href=\"http:\/\/albayane.press.ma\/\">ALBAYANE<\/a>.<\/p>\n<\/div>\n<p>Auteur: M&rsquo;hammed rahal<br \/>\n<a href=\"http:\/\/albayane.press.ma\/exchanges-fructueux-pour-ameliorer-le-rendement-du-travail-partisan.html\">Cliquez ici pour lire l&rsquo;article depuis sa source.<\/a><\/p>\n","protected":false},"excerpt":{"rendered":"<p>La Caravane du Livre fait escale \u00e0 T\u00e9touan Karim Ben Amar L\u2019association d\u00e9mocratique des \u00e9lus progressistes (ADEP) et le groupe parlementaire progressiste ont organis\u00e9 r\u00e9cemment la tourn\u00e9e de la caravane du Livre qui \u00e9tait de passage dans la r\u00e9gion de Tanger-T\u00e9touan-Al-Hoceima. L\u2019\u00e9v\u00e8nement tr\u00e8s attendu par les militantes et militants du Parti du Progr\u00e8s et du [&hellip;]<\/p>\n","protected":false},"author":1760,"featured_media":0,"comment_status":"closed","ping_status":"closed","sticky":false,"template":"","format":"standard","meta":{"fifu_image_url":"","fifu_image_alt":"","footnotes":""},"categories":[73,54],"tags":[],"class_list":["post-142449","post","type-post","status-publish","format-standard","hentry","category-actualite","category-maroc"],"_links":{"self":[{"href":"https:\/\/linitiative.ca\/International\/wp-json\/wp\/v2\/posts\/142449","targetHints":{"allow":["GET"]}}],"collection":[{"href":"https:\/\/linitiative.ca\/International\/wp-json\/wp\/v2\/posts"}],"about":[{"href":"https:\/\/linitiative.ca\/International\/wp-json\/wp\/v2\/types\/post"}],"author":[{"embeddable":true,"href":"https:\/\/linitiative.ca\/International\/wp-json\/wp\/v2\/users\/1760"}],"replies":[{"embeddable":true,"href":"https:\/\/linitiative.ca\/International\/wp-json\/wp\/v2\/comments?post=142449"}],"version-history":[{"count":0,"href":"https:\/\/linitiative.ca\/International\/wp-json\/wp\/v2\/posts\/142449\/revisions"}],"wp:attachment":[{"href":"https:\/\/linitiative.ca\/International\/wp-json\/wp\/v2\/media?parent=142449"}],"wp:term":[{"taxonomy":"category","embeddable":true,"href":"https:\/\/linitiative.ca\/International\/wp-json\/wp\/v2\/categories?post=142449"},{"taxonomy":"post_tag","embeddable":true,"href":"https:\/\/linitiative.ca\/International\/wp-json\/wp\/v2\/tags?post=142449"}],"curies":[{"name":"wp","href":"https:\/\/api.w.org\/{rel}","templated":true}]}}