{"id":142455,"date":"2022-03-06T08:00:00","date_gmt":"2022-03-06T13:00:00","guid":{"rendered":"https:\/\/linitiative.ca\/International\/latletico-madrid-pret-a-lacher-50me-pour-un-buteur-uruguayen\/"},"modified":"2022-03-06T08:00:00","modified_gmt":"2022-03-06T13:00:00","slug":"latletico-madrid-pret-a-lacher-50me-pour-un-buteur-uruguayen","status":"publish","type":"post","link":"https:\/\/linitiative.ca\/International\/latletico-madrid-pret-a-lacher-50me-pour-un-buteur-uruguayen\/","title":{"rendered":"L\u2019Atl\u00e9tico Madrid pr\u00eat \u00e0 l\u00e2cher 50M\u20ac pour un buteur uruguayen"},"content":{"rendered":"<div>Lors du prochain mercato d\u2019\u00e9t\u00e9, la formation de l\u2019Atl\u00e9tico Madrid envisagerait la venue d\u2019un attaquant afin de pallier le futur d\u00e9part de Luis Suarez.<\/div>\n<p>Auteur:<br \/>\n<a href=\"https:\/\/www.lebuteur.com\/article\/detail?titre=latletico-madrid-pret-a-lacher-50m%E2%82%AC-pour-un-buteur-uruguayen&#038;id=102437\">Cliquez ici pour lire l&rsquo;article depuis sa source.<\/a><\/p>\n","protected":false},"excerpt":{"rendered":"<p>Lors du prochain mercato d\u2019\u00e9t\u00e9, la formation de l\u2019Atl\u00e9tico Madrid envisagerait la venue d\u2019un attaquant afin de pallier le futur d\u00e9part de Luis Suarez. Auteur: Cliquez ici pour lire l&rsquo;article depuis sa source.<\/p>\n","protected":false},"author":1738,"featured_media":0,"comment_status":"closed","ping_status":"closed","sticky":false,"template":"","format":"standard","meta":{"fifu_image_url":"","fifu_image_alt":"","footnotes":""},"categories":[53,75],"tags":[],"class_list":["post-142455","post","type-post","status-publish","format-standard","hentry","category-algerie","category-sport"],"_links":{"self":[{"href":"https:\/\/linitiative.ca\/International\/wp-json\/wp\/v2\/posts\/142455","targetHints":{"allow":["GET"]}}],"collection":[{"href":"https:\/\/linitiative.ca\/International\/wp-json\/wp\/v2\/posts"}],"about":[{"href":"https:\/\/linitiative.ca\/International\/wp-json\/wp\/v2\/types\/post"}],"author":[{"embeddable":true,"href":"https:\/\/linitiative.ca\/International\/wp-json\/wp\/v2\/users\/1738"}],"replies":[{"embeddable":true,"href":"https:\/\/linitiative.ca\/International\/wp-json\/wp\/v2\/comments?post=142455"}],"version-history":[{"count":0,"href":"https:\/\/linitiative.ca\/International\/wp-json\/wp\/v2\/posts\/142455\/revisions"}],"wp:attachment":[{"href":"https:\/\/linitiative.ca\/International\/wp-json\/wp\/v2\/media?parent=142455"}],"wp:term":[{"taxonomy":"category","embeddable":true,"href":"https:\/\/linitiative.ca\/International\/wp-json\/wp\/v2\/categories?post=142455"},{"taxonomy":"post_tag","embeddable":true,"href":"https:\/\/linitiative.ca\/International\/wp-json\/wp\/v2\/tags?post=142455"}],"curies":[{"name":"wp","href":"https:\/\/api.w.org\/{rel}","templated":true}]}}