{"id":142465,"date":"2022-03-06T04:00:00","date_gmt":"2022-03-06T09:00:00","guid":{"rendered":"https:\/\/linitiative.ca\/International\/habib-ben-salha-a-la-memoire-de-adel-megdiche-une-conversation-entre-le-noir-du-tableau-et-larbitraire-du-blues\/"},"modified":"2022-03-06T04:00:00","modified_gmt":"2022-03-06T09:00:00","slug":"habib-ben-salha-a-la-memoire-de-adel-megdiche-une-conversation-entre-le-noir-du-tableau-et-larbitraire-du-blues","status":"publish","type":"post","link":"https:\/\/linitiative.ca\/International\/habib-ben-salha-a-la-memoire-de-adel-megdiche-une-conversation-entre-le-noir-du-tableau-et-larbitraire-du-blues\/","title":{"rendered":"Habib Ben Salha &#8211;  \u00c0 la m\u00e9moire de Adel M\u00e9gdiche: une conversation entre le noir du tableau et l&rsquo;arbitraire du blues"},"content":{"rendered":"<div><img decoding=\"async\" src=\"https:\/\/linitiative.ca\/International\/wp-content\/uploads\/sites\/23\/2022\/03\/1646509696_article.jpg\" alt=\"Habib Ben Salha -  \u00c0 la m\u00e9moire de Adel M\u00e9gdiche: Je soussign\u00e9 Noir sur Blanc\u2026\" align=\"left\">Ceci doit \u00eatre consid\u00e9r\u00e9 comme une conversation entre le noir du tableau et l\u2019arbitraire du blues\u2026<br \/>\nO.T : Vivre en avance, refaire l\u2019arc-en-ciel, monter la lune comme une fleur de sable, c\u2019est prendre des risques ; monter \u00e0 l\u2019assaut des songes, c\u2019est recueillir le vide au bout de chaque attrait\u2026<br \/>\nA.M : Que voulez-vous que j\u2019y fasse ? J\u2019ai essay\u00e9 de tirer au clair les \u00e9toiles filantes\u2026<br \/>\nO.T : \u2026 Tu as surtout noy\u00e9 la g\u00e9om\u00e9trie pointilleuse !<br \/>\nA.M : On ne sait plus \u00e0 quel sein se vouer (pas de confusion s\u2019il vous pla\u00eet ! Mon orthographe est pure et ciseleuse&#8230;)<br \/>\nO.T : Ouvrons les tablettes insoumises. Voici : le beau ou la belle ou l\u2019affreusement bonne et &#8230;<\/p>\n<\/div>\n<p>Auteur:<br \/>\n<a href=\"https:\/\/www.leaders.com.tn\/article\/33046-habib-ben-salha-a-la-memoire-de-adel-megdiche-je-soussigne-noir-sur-blanc\">Cliquez ici pour lire l&rsquo;article depuis sa source.<\/a><\/p>\n","protected":false},"excerpt":{"rendered":"<p>Ceci doit \u00eatre consid\u00e9r\u00e9 comme une conversation entre le noir du tableau et l\u2019arbitraire du blues\u2026 O.T : Vivre en avance, refaire l\u2019arc-en-ciel, monter la lune comme une fleur de sable, c\u2019est prendre des risques ; monter \u00e0 l\u2019assaut des songes, c\u2019est recueillir le vide au bout de chaque attrait\u2026 A.M : Que voulez-vous que [&hellip;]<\/p>\n","protected":false},"author":1772,"featured_media":0,"comment_status":"closed","ping_status":"closed","sticky":false,"template":"","format":"standard","meta":{"fifu_image_url":"http:\/\/www.leaders.com.tn\/uploads\/content\/thumbnails_small\/1646509696_article.jpg","fifu_image_alt":"<div>Habib Ben Salha -  \u00c0 la m\u00e9moire de Adel M\u00e9gdiche: une conversation entre le noir du tableau et l'arbitraire du blues<\/div>","footnotes":""},"categories":[73,55],"tags":[],"class_list":["post-142465","post","type-post","status-publish","format-standard","hentry","category-actualite","category-tunisie"],"_links":{"self":[{"href":"https:\/\/linitiative.ca\/International\/wp-json\/wp\/v2\/posts\/142465","targetHints":{"allow":["GET"]}}],"collection":[{"href":"https:\/\/linitiative.ca\/International\/wp-json\/wp\/v2\/posts"}],"about":[{"href":"https:\/\/linitiative.ca\/International\/wp-json\/wp\/v2\/types\/post"}],"author":[{"embeddable":true,"href":"https:\/\/linitiative.ca\/International\/wp-json\/wp\/v2\/users\/1772"}],"replies":[{"embeddable":true,"href":"https:\/\/linitiative.ca\/International\/wp-json\/wp\/v2\/comments?post=142465"}],"version-history":[{"count":0,"href":"https:\/\/linitiative.ca\/International\/wp-json\/wp\/v2\/posts\/142465\/revisions"}],"wp:attachment":[{"href":"https:\/\/linitiative.ca\/International\/wp-json\/wp\/v2\/media?parent=142465"}],"wp:term":[{"taxonomy":"category","embeddable":true,"href":"https:\/\/linitiative.ca\/International\/wp-json\/wp\/v2\/categories?post=142465"},{"taxonomy":"post_tag","embeddable":true,"href":"https:\/\/linitiative.ca\/International\/wp-json\/wp\/v2\/tags?post=142465"}],"curies":[{"name":"wp","href":"https:\/\/api.w.org\/{rel}","templated":true}]}}