{"id":142467,"date":"2022-03-06T12:13:00","date_gmt":"2022-03-06T17:13:00","guid":{"rendered":"https:\/\/linitiative.ca\/International\/le-professeur-sleheddine-ghrissi-nest-plus\/"},"modified":"2022-03-06T12:13:00","modified_gmt":"2022-03-06T17:13:00","slug":"le-professeur-sleheddine-ghrissi-nest-plus","status":"publish","type":"post","link":"https:\/\/linitiative.ca\/International\/le-professeur-sleheddine-ghrissi-nest-plus\/","title":{"rendered":"Le Professeur Sleheddine Ghrissi n\u2019est plus"},"content":{"rendered":"<div><img decoding=\"async\" src=\"https:\/\/linitiative.ca\/International\/wp-content\/uploads\/sites\/23\/2022\/03\/1646583655_article.jpg\" alt=\"Le Professeur Sleheddine Ghrissi n\u2019est plus\" align=\"left\">Par Rafa\u00e2 Ben Achour &#8211; C\u2019est avec beaucoup de consternation et de tristesse que nous apprenons le d\u00e9c\u00e8s du Professeur Sleheddine Ghrissi, ancien Professeur de physique \u00e0 la facult\u00e9 des sciences de Tunis, ancien directeur de l\u2019\u00c9cole sup\u00e9rieure des sciences et des techniques de Tunis (ESSTT) et ancien Pr\u00e9sident de l\u2019Universit\u00e9 de la Manouba.<br \/>\nJ\u2019ai eu le plaisir et l\u2019honneur de conna\u00eetre le d\u00e9funt lors de ma nomination comme Pr\u00e9sident de l\u2019Universit\u00e9 des sciences, des techniques et de m\u00e9decine de Tunis (Tunis 2) en ao\u00fbt 1997. J\u2019ai tout de suite appr\u00e9ci\u00e9 la comp\u00e9tence scientifique et professionnelle du d\u00e9funt et son grand sens de la responsabilit\u00e9. Ses &#8230;<\/p>\n<\/div>\n<p>Auteur:<br \/>\n<a href=\"https:\/\/www.leaders.com.tn\/article\/33049-le-professeur-sleheddine-ghrissi-n-est-plus\">Cliquez ici pour lire l&rsquo;article depuis sa source.<\/a><\/p>\n","protected":false},"excerpt":{"rendered":"<p>Par Rafa\u00e2 Ben Achour &#8211; C\u2019est avec beaucoup de consternation et de tristesse que nous apprenons le d\u00e9c\u00e8s du Professeur Sleheddine Ghrissi, ancien Professeur de physique \u00e0 la facult\u00e9 des sciences de Tunis, ancien directeur de l\u2019\u00c9cole sup\u00e9rieure des sciences et des techniques de Tunis (ESSTT) et ancien Pr\u00e9sident de l\u2019Universit\u00e9 de la Manouba. J\u2019ai [&hellip;]<\/p>\n","protected":false},"author":1772,"featured_media":0,"comment_status":"closed","ping_status":"closed","sticky":false,"template":"","format":"standard","meta":{"fifu_image_url":"http:\/\/www.leaders.com.tn\/uploads\/content\/thumbnails_small\/1646583655_article.jpg","fifu_image_alt":"Le Professeur Sleheddine Ghrissi n\u2019est plus","footnotes":""},"categories":[73,55],"tags":[],"class_list":["post-142467","post","type-post","status-publish","format-standard","hentry","category-actualite","category-tunisie"],"_links":{"self":[{"href":"https:\/\/linitiative.ca\/International\/wp-json\/wp\/v2\/posts\/142467","targetHints":{"allow":["GET"]}}],"collection":[{"href":"https:\/\/linitiative.ca\/International\/wp-json\/wp\/v2\/posts"}],"about":[{"href":"https:\/\/linitiative.ca\/International\/wp-json\/wp\/v2\/types\/post"}],"author":[{"embeddable":true,"href":"https:\/\/linitiative.ca\/International\/wp-json\/wp\/v2\/users\/1772"}],"replies":[{"embeddable":true,"href":"https:\/\/linitiative.ca\/International\/wp-json\/wp\/v2\/comments?post=142467"}],"version-history":[{"count":0,"href":"https:\/\/linitiative.ca\/International\/wp-json\/wp\/v2\/posts\/142467\/revisions"}],"wp:attachment":[{"href":"https:\/\/linitiative.ca\/International\/wp-json\/wp\/v2\/media?parent=142467"}],"wp:term":[{"taxonomy":"category","embeddable":true,"href":"https:\/\/linitiative.ca\/International\/wp-json\/wp\/v2\/categories?post=142467"},{"taxonomy":"post_tag","embeddable":true,"href":"https:\/\/linitiative.ca\/International\/wp-json\/wp\/v2\/tags?post=142467"}],"curies":[{"name":"wp","href":"https:\/\/api.w.org\/{rel}","templated":true}]}}