{"id":142471,"date":"2022-03-06T04:30:34","date_gmt":"2022-03-06T09:30:34","guid":{"rendered":"https:\/\/linitiative.ca\/International\/aziz-akhannouch-reelu-president-du-rni-pour-un-nouveau-mandat\/"},"modified":"2022-03-06T04:30:34","modified_gmt":"2022-03-06T09:30:34","slug":"aziz-akhannouch-reelu-president-du-rni-pour-un-nouveau-mandat","status":"publish","type":"post","link":"https:\/\/linitiative.ca\/International\/aziz-akhannouch-reelu-president-du-rni-pour-un-nouveau-mandat\/","title":{"rendered":"Aziz Akhannouch r\u00e9\u00e9lu pr\u00e9sident du RNI pour un nouveau mandat"},"content":{"rendered":"<div><img decoding=\"async\" width=\"1280\" height=\"852\" src=\"https:\/\/linitiative.ca\/International\/wp-content\/uploads\/sites\/23\/2022\/03\/AKHANNOUCH.jpg\" class=\"attachment-post-thumbnail size-post-thumbnail wp-post-image\" alt=\"\" loading=\"lazy\" srcset=\"https:\/\/linitiative.ca\/International\/wp-content\/uploads\/sites\/23\/2022\/03\/AKHANNOUCH.jpg 1280w, https:\/\/www.challenge.ma\/wp-content\/uploads\/2022\/03\/AKHANNOUCH-300x200.jpg 300w, https:\/\/www.challenge.ma\/wp-content\/uploads\/2022\/03\/AKHANNOUCH-1024x682.jpg 1024w, https:\/\/www.challenge.ma\/wp-content\/uploads\/2022\/03\/AKHANNOUCH-768x511.jpg 768w, https:\/\/www.challenge.ma\/wp-content\/uploads\/2022\/03\/AKHANNOUCH-360x240.jpg 360w, https:\/\/www.challenge.ma\/wp-content\/uploads\/2022\/03\/AKHANNOUCH-750x499.jpg 750w\" sizes=\"auto, (max-width: 1280px) 100vw, 1280px\" itemprop=\"image\">Aziz Akhannouch a \u00e9t\u00e9 r\u00e9\u00e9lu \u00e0 l\u2019unanimit\u00e9, hier samedi 5 mars \u00e0 Rabat, pr\u00e9sident du Rassemblement national des ind\u00e9pendants (RNI) pour un nouveau mandat, \u00e0 l\u2019issue du 7\u00e8me congr\u00e8s national du parti tenu sous le signe \u00ab\u00a0La voie du d\u00e9veloppement\u00a0\u00bb. Akhannouch, candidat unique pour la pr\u00e9sidence du RNI, a \u00e9t\u00e9<\/div>\n<p>Auteur: challenge<br \/>\n<a href=\"https:\/\/www.challenge.ma\/aziz-akhannouch-reelu-president-du-rni-pour-un-nouveau-mandat-233810\/\">Cliquez ici pour lire l&rsquo;article depuis sa source.<\/a><\/p>\n","protected":false},"excerpt":{"rendered":"<p>Aziz Akhannouch a \u00e9t\u00e9 r\u00e9\u00e9lu \u00e0 l\u2019unanimit\u00e9, hier samedi 5 mars \u00e0 Rabat, pr\u00e9sident du Rassemblement national des ind\u00e9pendants (RNI) pour un nouveau mandat, \u00e0 l\u2019issue du 7\u00e8me congr\u00e8s national du parti tenu sous le signe \u00ab\u00a0La voie du d\u00e9veloppement\u00a0\u00bb. Akhannouch, candidat unique pour la pr\u00e9sidence du RNI, a \u00e9t\u00e9 Auteur: challenge Cliquez ici pour [&hellip;]<\/p>\n","protected":false},"author":1787,"featured_media":0,"comment_status":"closed","ping_status":"closed","sticky":false,"template":"","format":"standard","meta":{"fifu_image_url":"https:\/\/www.challenge.ma\/wp-content\/uploads\/2022\/03\/AKHANNOUCH.jpg","fifu_image_alt":"Aziz Akhannouch r\u00e9\u00e9lu pr\u00e9sident du RNI pour un nouveau mandat","footnotes":""},"categories":[78,54],"tags":[],"class_list":["post-142471","post","type-post","status-publish","format-standard","hentry","category-economie","category-maroc"],"_links":{"self":[{"href":"https:\/\/linitiative.ca\/International\/wp-json\/wp\/v2\/posts\/142471","targetHints":{"allow":["GET"]}}],"collection":[{"href":"https:\/\/linitiative.ca\/International\/wp-json\/wp\/v2\/posts"}],"about":[{"href":"https:\/\/linitiative.ca\/International\/wp-json\/wp\/v2\/types\/post"}],"author":[{"embeddable":true,"href":"https:\/\/linitiative.ca\/International\/wp-json\/wp\/v2\/users\/1787"}],"replies":[{"embeddable":true,"href":"https:\/\/linitiative.ca\/International\/wp-json\/wp\/v2\/comments?post=142471"}],"version-history":[{"count":0,"href":"https:\/\/linitiative.ca\/International\/wp-json\/wp\/v2\/posts\/142471\/revisions"}],"wp:attachment":[{"href":"https:\/\/linitiative.ca\/International\/wp-json\/wp\/v2\/media?parent=142471"}],"wp:term":[{"taxonomy":"category","embeddable":true,"href":"https:\/\/linitiative.ca\/International\/wp-json\/wp\/v2\/categories?post=142471"},{"taxonomy":"post_tag","embeddable":true,"href":"https:\/\/linitiative.ca\/International\/wp-json\/wp\/v2\/tags?post=142471"}],"curies":[{"name":"wp","href":"https:\/\/api.w.org\/{rel}","templated":true}]}}