{"id":142473,"date":"2022-03-06T05:05:06","date_gmt":"2022-03-06T10:05:06","guid":{"rendered":"https:\/\/linitiative.ca\/International\/ukraine-ram-lance-deux-nouveaux-vols-speciaux-a-partir-de-budapest\/"},"modified":"2022-03-06T05:05:06","modified_gmt":"2022-03-06T10:05:06","slug":"ukraine-ram-lance-deux-nouveaux-vols-speciaux-a-partir-de-budapest","status":"publish","type":"post","link":"https:\/\/linitiative.ca\/International\/ukraine-ram-lance-deux-nouveaux-vols-speciaux-a-partir-de-budapest\/","title":{"rendered":"Ukraine. RAM lance deux nouveaux vols sp\u00e9ciaux \u00e0 partir de Budapest"},"content":{"rendered":"<div><img decoding=\"async\" width=\"640\" height=\"340\" src=\"https:\/\/linitiative.ca\/International\/wp-content\/uploads\/sites\/23\/2022\/03\/RAM.png\" class=\"attachment-post-thumbnail size-post-thumbnail wp-post-image\" alt=\"\" loading=\"lazy\" srcset=\"https:\/\/linitiative.ca\/International\/wp-content\/uploads\/sites\/23\/2022\/03\/RAM.png 640w, https:\/\/www.challenge.ma\/wp-content\/uploads\/2022\/03\/RAM-300x159.png 300w, https:\/\/www.challenge.ma\/wp-content\/uploads\/2022\/03\/RAM-360x191.png 360w\" sizes=\"auto, (max-width: 640px) 100vw, 640px\" itemprop=\"image\">L\u2019op\u00e9ration de rapatriement des Marocains bloqu\u00e9s en Ukraine se poursuit. La compagnie a\u00e9rienne nationale Royal Air Maroc (RAM) vient de programmer de nouveaux vols dans le cadre de cette op\u00e9ration, et ce les 7 et 8 mars. La compagnie a\u00e9rienne nationale Royal Air Maroc (RAM) a annonc\u00e9, hier samedi 5<\/div>\n<p>Auteur: challenge<br \/>\n<a href=\"https:\/\/www.challenge.ma\/ukraine-ram-lance-deux-nouveaux-vols-speciaux-a-partir-de-budapest-233814\/\">Cliquez ici pour lire l&rsquo;article depuis sa source.<\/a><\/p>\n","protected":false},"excerpt":{"rendered":"<p>L\u2019op\u00e9ration de rapatriement des Marocains bloqu\u00e9s en Ukraine se poursuit. La compagnie a\u00e9rienne nationale Royal Air Maroc (RAM) vient de programmer de nouveaux vols dans le cadre de cette op\u00e9ration, et ce les 7 et 8 mars. La compagnie a\u00e9rienne nationale Royal Air Maroc (RAM) a annonc\u00e9, hier samedi 5 Auteur: challenge Cliquez ici pour [&hellip;]<\/p>\n","protected":false},"author":1787,"featured_media":0,"comment_status":"closed","ping_status":"closed","sticky":false,"template":"","format":"standard","meta":{"fifu_image_url":"https:\/\/www.challenge.ma\/wp-content\/uploads\/2022\/03\/RAM.png","fifu_image_alt":"Ukraine. RAM lance deux nouveaux vols sp\u00e9ciaux \u00e0 partir de Budapest","footnotes":""},"categories":[78,54],"tags":[],"class_list":["post-142473","post","type-post","status-publish","format-standard","hentry","category-economie","category-maroc"],"_links":{"self":[{"href":"https:\/\/linitiative.ca\/International\/wp-json\/wp\/v2\/posts\/142473","targetHints":{"allow":["GET"]}}],"collection":[{"href":"https:\/\/linitiative.ca\/International\/wp-json\/wp\/v2\/posts"}],"about":[{"href":"https:\/\/linitiative.ca\/International\/wp-json\/wp\/v2\/types\/post"}],"author":[{"embeddable":true,"href":"https:\/\/linitiative.ca\/International\/wp-json\/wp\/v2\/users\/1787"}],"replies":[{"embeddable":true,"href":"https:\/\/linitiative.ca\/International\/wp-json\/wp\/v2\/comments?post=142473"}],"version-history":[{"count":0,"href":"https:\/\/linitiative.ca\/International\/wp-json\/wp\/v2\/posts\/142473\/revisions"}],"wp:attachment":[{"href":"https:\/\/linitiative.ca\/International\/wp-json\/wp\/v2\/media?parent=142473"}],"wp:term":[{"taxonomy":"category","embeddable":true,"href":"https:\/\/linitiative.ca\/International\/wp-json\/wp\/v2\/categories?post=142473"},{"taxonomy":"post_tag","embeddable":true,"href":"https:\/\/linitiative.ca\/International\/wp-json\/wp\/v2\/tags?post=142473"}],"curies":[{"name":"wp","href":"https:\/\/api.w.org\/{rel}","templated":true}]}}