{"id":142476,"date":"2022-03-06T07:00:22","date_gmt":"2022-03-06T12:00:22","guid":{"rendered":"https:\/\/linitiative.ca\/International\/cannabis-voici-a-quoi-ressemblera-le-marche-legal-au-maroc\/"},"modified":"2022-03-06T07:00:22","modified_gmt":"2022-03-06T12:00:22","slug":"cannabis-voici-a-quoi-ressemblera-le-marche-legal-au-maroc","status":"publish","type":"post","link":"https:\/\/linitiative.ca\/International\/cannabis-voici-a-quoi-ressemblera-le-marche-legal-au-maroc\/","title":{"rendered":"Cannabis. Voici \u00e0 quoi ressemblera le march\u00e9 l\u00e9gal au Maroc"},"content":{"rendered":"<div><img decoding=\"async\" width=\"690\" height=\"498\" src=\"https:\/\/linitiative.ca\/International\/wp-content\/uploads\/sites\/23\/2022\/03\/CANNABIS.png\" class=\"attachment-post-thumbnail size-post-thumbnail wp-post-image\" alt=\"\" loading=\"lazy\" srcset=\"https:\/\/linitiative.ca\/International\/wp-content\/uploads\/sites\/23\/2022\/03\/CANNABIS.png 690w, https:\/\/www.challenge.ma\/wp-content\/uploads\/2022\/03\/CANNABIS-300x217.png 300w, https:\/\/www.challenge.ma\/wp-content\/uploads\/2022\/03\/CANNABIS-360x260.png 360w\" sizes=\"auto, (max-width: 690px) 100vw, 690px\" itemprop=\"image\">Le gouvernement vient d\u2019approuver un projet de d\u00e9cret apportant des pr\u00e9cisions \u00e0 la loi 13.21 autorisant la l\u00e9galisation de l\u2019usage du cannabis \u00e0 des fins m\u00e9dicales et industrielles.\u00a0 Les contours de cette l\u00e9galisation. Comme beaucoup de pays, le march\u00e9 l\u00e9gal du cannabis ouvre de nombreuses opportunit\u00e9s \u00e9conomiques. L\u2019Ex\u00e9cutif a adopt\u00e9<\/div>\n<p>Auteur: challenge<br \/>\n<a href=\"https:\/\/www.challenge.ma\/cannabis-voici-a-quoi-ressemblera-le-marche-legal-au-maroc-233825\/\">Cliquez ici pour lire l&rsquo;article depuis sa source.<\/a><\/p>\n","protected":false},"excerpt":{"rendered":"<p>Le gouvernement vient d\u2019approuver un projet de d\u00e9cret apportant des pr\u00e9cisions \u00e0 la loi 13.21 autorisant la l\u00e9galisation de l\u2019usage du cannabis \u00e0 des fins m\u00e9dicales et industrielles.\u00a0 Les contours de cette l\u00e9galisation. Comme beaucoup de pays, le march\u00e9 l\u00e9gal du cannabis ouvre de nombreuses opportunit\u00e9s \u00e9conomiques. L\u2019Ex\u00e9cutif a adopt\u00e9 Auteur: challenge Cliquez ici pour [&hellip;]<\/p>\n","protected":false},"author":1787,"featured_media":0,"comment_status":"closed","ping_status":"closed","sticky":false,"template":"","format":"standard","meta":{"fifu_image_url":"https:\/\/www.challenge.ma\/wp-content\/uploads\/2022\/03\/CANNABIS.png","fifu_image_alt":"Cannabis. Voici \u00e0 quoi ressemblera le march\u00e9 l\u00e9gal au Maroc","footnotes":""},"categories":[78,54],"tags":[],"class_list":["post-142476","post","type-post","status-publish","format-standard","hentry","category-economie","category-maroc"],"_links":{"self":[{"href":"https:\/\/linitiative.ca\/International\/wp-json\/wp\/v2\/posts\/142476","targetHints":{"allow":["GET"]}}],"collection":[{"href":"https:\/\/linitiative.ca\/International\/wp-json\/wp\/v2\/posts"}],"about":[{"href":"https:\/\/linitiative.ca\/International\/wp-json\/wp\/v2\/types\/post"}],"author":[{"embeddable":true,"href":"https:\/\/linitiative.ca\/International\/wp-json\/wp\/v2\/users\/1787"}],"replies":[{"embeddable":true,"href":"https:\/\/linitiative.ca\/International\/wp-json\/wp\/v2\/comments?post=142476"}],"version-history":[{"count":0,"href":"https:\/\/linitiative.ca\/International\/wp-json\/wp\/v2\/posts\/142476\/revisions"}],"wp:attachment":[{"href":"https:\/\/linitiative.ca\/International\/wp-json\/wp\/v2\/media?parent=142476"}],"wp:term":[{"taxonomy":"category","embeddable":true,"href":"https:\/\/linitiative.ca\/International\/wp-json\/wp\/v2\/categories?post=142476"},{"taxonomy":"post_tag","embeddable":true,"href":"https:\/\/linitiative.ca\/International\/wp-json\/wp\/v2\/tags?post=142476"}],"curies":[{"name":"wp","href":"https:\/\/api.w.org\/{rel}","templated":true}]}}