{"id":142478,"date":"2022-03-06T07:49:41","date_gmt":"2022-03-06T12:49:41","guid":{"rendered":"https:\/\/linitiative.ca\/International\/high-tech-israel-va-former-des-etudiants-de-cinq-pays-arabes-dont-le-maroc\/"},"modified":"2022-03-06T07:49:41","modified_gmt":"2022-03-06T12:49:41","slug":"high-tech-israel-va-former-des-etudiants-de-cinq-pays-arabes-dont-le-maroc","status":"publish","type":"post","link":"https:\/\/linitiative.ca\/International\/high-tech-israel-va-former-des-etudiants-de-cinq-pays-arabes-dont-le-maroc\/","title":{"rendered":"High-tech. Isra\u00ebl va former des \u00e9tudiants de cinq pays arabes, dont le Maroc"},"content":{"rendered":"<div><img decoding=\"async\" width=\"640\" height=\"400\" src=\"https:\/\/linitiative.ca\/International\/wp-content\/uploads\/sites\/23\/2022\/03\/HIGH.jpeg\" class=\"attachment-post-thumbnail size-post-thumbnail wp-post-image\" alt=\"\" loading=\"lazy\" srcset=\"https:\/\/linitiative.ca\/International\/wp-content\/uploads\/sites\/23\/2022\/03\/HIGH.jpeg 640w, https:\/\/www.challenge.ma\/wp-content\/uploads\/2022\/03\/HIGH-300x188.jpeg 300w, https:\/\/www.challenge.ma\/wp-content\/uploads\/2022\/03\/HIGH-360x225.jpeg 360w\" sizes=\"auto, (max-width: 640px) 100vw, 640px\" itemprop=\"image\">Le minist\u00e8re isra\u00e9lien des Affaires \u00e9trang\u00e8res a annonc\u00e9 un projet de formation visant \u00e0 d\u00e9velopper des capacit\u00e9s en high-tech des \u00e9tudiants de cinq pays arabes, dont le Maroc. Les \u00e9tudiants marocains ainsi que ceux de quatre autres pays arabes vont b\u00e9n\u00e9ficier d\u2019une formation dans le domaine des hautes technologies organis\u00e9e<\/div>\n<p>Auteur: challenge<br \/>\n<a href=\"https:\/\/www.challenge.ma\/high-tech-israel-va-former-des-etudiants-de-cinq-pays-arabes-dont-le-maroc-233829\/\">Cliquez ici pour lire l&rsquo;article depuis sa source.<\/a><\/p>\n","protected":false},"excerpt":{"rendered":"<p>Le minist\u00e8re isra\u00e9lien des Affaires \u00e9trang\u00e8res a annonc\u00e9 un projet de formation visant \u00e0 d\u00e9velopper des capacit\u00e9s en high-tech des \u00e9tudiants de cinq pays arabes, dont le Maroc. Les \u00e9tudiants marocains ainsi que ceux de quatre autres pays arabes vont b\u00e9n\u00e9ficier d\u2019une formation dans le domaine des hautes technologies organis\u00e9e Auteur: challenge Cliquez ici pour [&hellip;]<\/p>\n","protected":false},"author":1787,"featured_media":0,"comment_status":"closed","ping_status":"closed","sticky":false,"template":"","format":"standard","meta":{"fifu_image_url":"https:\/\/www.challenge.ma\/wp-content\/uploads\/2022\/03\/HIGH.jpeg","fifu_image_alt":"High-tech. Isra\u00ebl va former des \u00e9tudiants de cinq pays arabes, dont le Maroc","footnotes":""},"categories":[78,54],"tags":[],"class_list":["post-142478","post","type-post","status-publish","format-standard","hentry","category-economie","category-maroc"],"_links":{"self":[{"href":"https:\/\/linitiative.ca\/International\/wp-json\/wp\/v2\/posts\/142478","targetHints":{"allow":["GET"]}}],"collection":[{"href":"https:\/\/linitiative.ca\/International\/wp-json\/wp\/v2\/posts"}],"about":[{"href":"https:\/\/linitiative.ca\/International\/wp-json\/wp\/v2\/types\/post"}],"author":[{"embeddable":true,"href":"https:\/\/linitiative.ca\/International\/wp-json\/wp\/v2\/users\/1787"}],"replies":[{"embeddable":true,"href":"https:\/\/linitiative.ca\/International\/wp-json\/wp\/v2\/comments?post=142478"}],"version-history":[{"count":0,"href":"https:\/\/linitiative.ca\/International\/wp-json\/wp\/v2\/posts\/142478\/revisions"}],"wp:attachment":[{"href":"https:\/\/linitiative.ca\/International\/wp-json\/wp\/v2\/media?parent=142478"}],"wp:term":[{"taxonomy":"category","embeddable":true,"href":"https:\/\/linitiative.ca\/International\/wp-json\/wp\/v2\/categories?post=142478"},{"taxonomy":"post_tag","embeddable":true,"href":"https:\/\/linitiative.ca\/International\/wp-json\/wp\/v2\/tags?post=142478"}],"curies":[{"name":"wp","href":"https:\/\/api.w.org\/{rel}","templated":true}]}}