{"id":142480,"date":"2022-03-06T16:38:23","date_gmt":"2022-03-06T21:38:23","guid":{"rendered":"https:\/\/linitiative.ca\/International\/e-sports-la-creation-de-la-ligue-nationale-de-basket\/"},"modified":"2022-03-06T16:38:23","modified_gmt":"2022-03-06T21:38:23","slug":"e-sports-la-creation-de-la-ligue-nationale-de-basket","status":"publish","type":"post","link":"https:\/\/linitiative.ca\/International\/e-sports-la-creation-de-la-ligue-nationale-de-basket\/","title":{"rendered":"E-Sports : La cr\u00e9ation de la Ligue nationale d\u2019E-Basket"},"content":{"rendered":"<div>\n<p>Dans le cadre de la coop\u00e9ration des deux f\u00e9d\u00e9rations tunisiennes de basketball et d\u2019e-sports, les deux instances se sont mises d\u2019accord pour la cr\u00e9ation de la Ligue national d\u2019e-basket, qui aura pour mission l\u2019organisation des comp\u00e9titions d\u2019e-basket, l\u2019\u00e9dification d\u2019une s\u00e9lection nationale d\u2019e-basket qui repr\u00e9sentera la Tunisie dans les \u00e9v\u00e9nements continentaux et internationaux, sous la tutelle [\u2026]<\/p>\n<p>L\u2019article <a href=\"https:\/\/sport.tunisienumerique.com\/e-sports-la-creation-de-la-ligue-nationale-de-basket\/\">E-Sports : La cr\u00e9ation de la Ligue nationale d\u2019E-Basket<\/a> est apparu en premier sur <a href=\"https:\/\/www.tunisienumerique.com\/\">Tunisie<\/a>.<\/p>\n<\/div>\n<p>Auteur: Hamza Ben Khlifa<br \/>\n<a href=\"https:\/\/sport.tunisienumerique.com\/e-sports-la-creation-de-la-ligue-nationale-de-basket\/\">Cliquez ici pour lire l&rsquo;article depuis sa source.<\/a><\/p>\n","protected":false},"excerpt":{"rendered":"<p>Dans le cadre de la coop\u00e9ration des deux f\u00e9d\u00e9rations tunisiennes de basketball et d\u2019e-sports, les deux instances se sont mises d\u2019accord pour la cr\u00e9ation de la Ligue national d\u2019e-basket, qui aura pour mission l\u2019organisation des comp\u00e9titions d\u2019e-basket, l\u2019\u00e9dification d\u2019une s\u00e9lection nationale d\u2019e-basket qui repr\u00e9sentera la Tunisie dans les \u00e9v\u00e9nements continentaux et internationaux, sous la tutelle [&hellip;]<\/p>\n","protected":false},"author":1789,"featured_media":0,"comment_status":"closed","ping_status":"closed","sticky":false,"template":"","format":"standard","meta":{"fifu_image_url":"","fifu_image_alt":"","footnotes":""},"categories":[73,55],"tags":[],"class_list":["post-142480","post","type-post","status-publish","format-standard","hentry","category-actualite","category-tunisie"],"_links":{"self":[{"href":"https:\/\/linitiative.ca\/International\/wp-json\/wp\/v2\/posts\/142480","targetHints":{"allow":["GET"]}}],"collection":[{"href":"https:\/\/linitiative.ca\/International\/wp-json\/wp\/v2\/posts"}],"about":[{"href":"https:\/\/linitiative.ca\/International\/wp-json\/wp\/v2\/types\/post"}],"author":[{"embeddable":true,"href":"https:\/\/linitiative.ca\/International\/wp-json\/wp\/v2\/users\/1789"}],"replies":[{"embeddable":true,"href":"https:\/\/linitiative.ca\/International\/wp-json\/wp\/v2\/comments?post=142480"}],"version-history":[{"count":0,"href":"https:\/\/linitiative.ca\/International\/wp-json\/wp\/v2\/posts\/142480\/revisions"}],"wp:attachment":[{"href":"https:\/\/linitiative.ca\/International\/wp-json\/wp\/v2\/media?parent=142480"}],"wp:term":[{"taxonomy":"category","embeddable":true,"href":"https:\/\/linitiative.ca\/International\/wp-json\/wp\/v2\/categories?post=142480"},{"taxonomy":"post_tag","embeddable":true,"href":"https:\/\/linitiative.ca\/International\/wp-json\/wp\/v2\/tags?post=142480"}],"curies":[{"name":"wp","href":"https:\/\/api.w.org\/{rel}","templated":true}]}}