{"id":142483,"date":"2022-03-06T17:06:03","date_gmt":"2022-03-06T22:06:03","guid":{"rendered":"https:\/\/linitiative.ca\/International\/monde-les-etats-unis-accuse-la-russie-de-crimes-de-guerre-et-leurope-demande-une-enquete\/"},"modified":"2022-03-06T17:06:03","modified_gmt":"2022-03-06T22:06:03","slug":"monde-les-etats-unis-accuse-la-russie-de-crimes-de-guerre-et-leurope-demande-une-enquete","status":"publish","type":"post","link":"https:\/\/linitiative.ca\/International\/monde-les-etats-unis-accuse-la-russie-de-crimes-de-guerre-et-leurope-demande-une-enquete\/","title":{"rendered":"Monde : Les Etats-Unis accuse la Russie de crimes de guerre et l\u2019Europe demande une enqu\u00eate"},"content":{"rendered":"<div>\n<p>La pr\u00e9sidente de la Commission europ\u00e9enne, Ursula Von der Leyen, a d\u00e9clar\u00e9 dimanche 06 mars 2022, qu\u2019une enqu\u00eate devrait \u00eatre men\u00e9e pour d\u00e9terminer si la Russie commettait des crimes de guerre en Ukraine. De son c\u00f4t\u00e9, le secr\u00e9taire d\u2019\u00c9tat am\u00e9ricain Anthony Blinken a d\u00e9clar\u00e9 aujourd\u2019hui que \u00ab des informations tr\u00e8s cr\u00e9dibles \u00bb indiquent que la [\u2026]<\/p>\n<p>L\u2019article <a href=\"https:\/\/www.tunisienumerique.com\/monde-les-etats-unis-accuse-la-russie-de-crimes-de-guerre-et-leurope-demande-une-enquete\/\">Monde : Les Etats-Unis accuse la Russie de crimes de guerre et l\u2019Europe demande une enqu\u00eate<\/a> est apparu en premier sur <a href=\"https:\/\/www.tunisienumerique.com\/\">Tunisie<\/a>.<\/p>\n<\/div>\n<p>Auteur: rania ben slimane<br \/>\n<a href=\"https:\/\/www.tunisienumerique.com\/monde-les-etats-unis-accuse-la-russie-de-crimes-de-guerre-et-leurope-demande-une-enquete\/\">Cliquez ici pour lire l&rsquo;article depuis sa source.<\/a><\/p>\n","protected":false},"excerpt":{"rendered":"<p>La pr\u00e9sidente de la Commission europ\u00e9enne, Ursula Von der Leyen, a d\u00e9clar\u00e9 dimanche 06 mars 2022, qu\u2019une enqu\u00eate devrait \u00eatre men\u00e9e pour d\u00e9terminer si la Russie commettait des crimes de guerre en Ukraine. De son c\u00f4t\u00e9, le secr\u00e9taire d\u2019\u00c9tat am\u00e9ricain Anthony Blinken a d\u00e9clar\u00e9 aujourd\u2019hui que \u00ab des informations tr\u00e8s cr\u00e9dibles \u00bb indiquent que la [&hellip;]<\/p>\n","protected":false},"author":1789,"featured_media":0,"comment_status":"closed","ping_status":"closed","sticky":false,"template":"","format":"standard","meta":{"fifu_image_url":"","fifu_image_alt":"","footnotes":""},"categories":[73,55],"tags":[],"class_list":["post-142483","post","type-post","status-publish","format-standard","hentry","category-actualite","category-tunisie"],"_links":{"self":[{"href":"https:\/\/linitiative.ca\/International\/wp-json\/wp\/v2\/posts\/142483","targetHints":{"allow":["GET"]}}],"collection":[{"href":"https:\/\/linitiative.ca\/International\/wp-json\/wp\/v2\/posts"}],"about":[{"href":"https:\/\/linitiative.ca\/International\/wp-json\/wp\/v2\/types\/post"}],"author":[{"embeddable":true,"href":"https:\/\/linitiative.ca\/International\/wp-json\/wp\/v2\/users\/1789"}],"replies":[{"embeddable":true,"href":"https:\/\/linitiative.ca\/International\/wp-json\/wp\/v2\/comments?post=142483"}],"version-history":[{"count":0,"href":"https:\/\/linitiative.ca\/International\/wp-json\/wp\/v2\/posts\/142483\/revisions"}],"wp:attachment":[{"href":"https:\/\/linitiative.ca\/International\/wp-json\/wp\/v2\/media?parent=142483"}],"wp:term":[{"taxonomy":"category","embeddable":true,"href":"https:\/\/linitiative.ca\/International\/wp-json\/wp\/v2\/categories?post=142483"},{"taxonomy":"post_tag","embeddable":true,"href":"https:\/\/linitiative.ca\/International\/wp-json\/wp\/v2\/tags?post=142483"}],"curies":[{"name":"wp","href":"https:\/\/api.w.org\/{rel}","templated":true}]}}