{"id":142484,"date":"2022-03-06T17:19:04","date_gmt":"2022-03-06T22:19:04","guid":{"rendered":"https:\/\/linitiative.ca\/International\/tunisie-mali-des-son-arrivee-cedric-kante-a-lance-un-appel\/"},"modified":"2022-03-06T17:19:04","modified_gmt":"2022-03-06T22:19:04","slug":"tunisie-mali-des-son-arrivee-cedric-kante-a-lance-un-appel","status":"publish","type":"post","link":"https:\/\/linitiative.ca\/International\/tunisie-mali-des-son-arrivee-cedric-kante-a-lance-un-appel\/","title":{"rendered":"Tunisie \u2013 Mali : D\u00e8s son arriv\u00e9e, C\u00e9dric Kant\u00e9 a lanc\u00e9 un appel !!"},"content":{"rendered":"<div>\n<p>D\u00e8s son arriv\u00e9e \u00e0 Bamako, l\u2019ancien capitaine du Mali, C\u00e9dric Kant\u00e9 a lanc\u00e9 un message et appel \u00e0 l\u2019union et \u00e0 la mobilisation, autour des Aigles, en vue des barrages mondialistes contre la Tunisie. Cet appel est centr\u00e9 notamment sur une mobilisation et une organisation autour de la s\u00e9lection malienne, \u00e0 laquelle C\u00e9dric Kant\u00e9 renforcera [\u2026]<\/p>\n<p>L\u2019article <a href=\"https:\/\/sport.tunisienumerique.com\/tunisie-mali-des-son-arrivee-cedric-kante-a-lance-un-appel\/\">Tunisie \u2013 Mali : D\u00e8s son arriv\u00e9e, C\u00e9dric Kant\u00e9 a lanc\u00e9 un appel !!<\/a> est apparu en premier sur <a href=\"https:\/\/www.tunisienumerique.com\/\">Tunisie<\/a>.<\/p>\n<\/div>\n<p>Auteur: Hamza Ben Khlifa<br \/>\n<a href=\"https:\/\/sport.tunisienumerique.com\/tunisie-mali-des-son-arrivee-cedric-kante-a-lance-un-appel\/\">Cliquez ici pour lire l&rsquo;article depuis sa source.<\/a><\/p>\n","protected":false},"excerpt":{"rendered":"<p>D\u00e8s son arriv\u00e9e \u00e0 Bamako, l\u2019ancien capitaine du Mali, C\u00e9dric Kant\u00e9 a lanc\u00e9 un message et appel \u00e0 l\u2019union et \u00e0 la mobilisation, autour des Aigles, en vue des barrages mondialistes contre la Tunisie. Cet appel est centr\u00e9 notamment sur une mobilisation et une organisation autour de la s\u00e9lection malienne, \u00e0 laquelle C\u00e9dric Kant\u00e9 renforcera [&hellip;]<\/p>\n","protected":false},"author":1789,"featured_media":0,"comment_status":"closed","ping_status":"closed","sticky":false,"template":"","format":"standard","meta":{"fifu_image_url":"","fifu_image_alt":"","footnotes":""},"categories":[73,55],"tags":[],"class_list":["post-142484","post","type-post","status-publish","format-standard","hentry","category-actualite","category-tunisie"],"_links":{"self":[{"href":"https:\/\/linitiative.ca\/International\/wp-json\/wp\/v2\/posts\/142484","targetHints":{"allow":["GET"]}}],"collection":[{"href":"https:\/\/linitiative.ca\/International\/wp-json\/wp\/v2\/posts"}],"about":[{"href":"https:\/\/linitiative.ca\/International\/wp-json\/wp\/v2\/types\/post"}],"author":[{"embeddable":true,"href":"https:\/\/linitiative.ca\/International\/wp-json\/wp\/v2\/users\/1789"}],"replies":[{"embeddable":true,"href":"https:\/\/linitiative.ca\/International\/wp-json\/wp\/v2\/comments?post=142484"}],"version-history":[{"count":0,"href":"https:\/\/linitiative.ca\/International\/wp-json\/wp\/v2\/posts\/142484\/revisions"}],"wp:attachment":[{"href":"https:\/\/linitiative.ca\/International\/wp-json\/wp\/v2\/media?parent=142484"}],"wp:term":[{"taxonomy":"category","embeddable":true,"href":"https:\/\/linitiative.ca\/International\/wp-json\/wp\/v2\/categories?post=142484"},{"taxonomy":"post_tag","embeddable":true,"href":"https:\/\/linitiative.ca\/International\/wp-json\/wp\/v2\/tags?post=142484"}],"curies":[{"name":"wp","href":"https:\/\/api.w.org\/{rel}","templated":true}]}}