{"id":142487,"date":"2022-03-06T13:56:07","date_gmt":"2022-03-06T18:56:07","guid":{"rendered":"https:\/\/linitiative.ca\/International\/attaque-meurtriere-dun-camp-militaire-au-mali-mais-ou-sont-passes-les-instructeurs-russes\/"},"modified":"2022-03-06T13:56:07","modified_gmt":"2022-03-06T18:56:07","slug":"attaque-meurtriere-dun-camp-militaire-au-mali-mais-ou-sont-passes-les-instructeurs-russes","status":"publish","type":"post","link":"https:\/\/linitiative.ca\/International\/attaque-meurtriere-dun-camp-militaire-au-mali-mais-ou-sont-passes-les-instructeurs-russes\/","title":{"rendered":"ATTAQUE MEURTRIERE D\u2019UN CAMP MILITAIRE AU MALI : Mais o\u00f9 sont pass\u00e9s les instructeurs russes\u00a0?"},"content":{"rendered":"<div>\n<p><img decoding=\"async\" width=\"770\" height=\"514\" src=\"https:\/\/linitiative.ca\/International\/wp-content\/uploads\/sites\/23\/2022\/03\/attaque_Mali.jpg\" class=\"attachment- size- wp-post-image\" alt=\"\" loading=\"lazy\" style=\"float:left; margin:0 15px 15px 0;\" srcset=\"https:\/\/linitiative.ca\/International\/wp-content\/uploads\/sites\/23\/2022\/03\/attaque_Mali.jpg 770w, https:\/\/lepays.bf\/wp-content\/uploads\/2022\/03\/attaque_Mali-300x200.jpg 300w, https:\/\/lepays.bf\/wp-content\/uploads\/2022\/03\/attaque_Mali-768x513.jpg 768w, https:\/\/lepays.bf\/wp-content\/uploads\/2022\/03\/attaque_Mali-128x86.jpg 128w\" sizes=\"auto, (max-width: 770px) 100vw, 770px\">Le Mali est en deuil. Il pleure la disparition d\u2019une trentaine de ses soldats tu\u00e9s dans des circonstances pour le moins tragiques. En effet, des hommes arm\u00e9s, venus d\u2019on ne sait o\u00f9, ont ouvert le feu sur le camp militaire situ\u00e9 \u00e0 Mondoro, dans le [\u2026]<\/p>\n<p>L\u2019article <a rel=\"nofollow\" href=\"https:\/\/lepays.bf\/attaque-meurtriere-dun-camp-militaire-au-mali-mais-ou-sont-passes-les-instructeurs-russes\/\">ATTAQUE MEURTRIERE D\u2019UN CAMP MILITAIRE AU MALI : Mais o\u00f9 sont pass\u00e9s les instructeurs russes\u00a0?<\/a> est apparu en premier sur <a rel=\"nofollow\" href=\"https:\/\/lepays.bf\/\">Editions Le Pays<\/a>.<\/p>\n<\/div>\n<p>Auteur: Editions LEPAYS<br \/>\n<a href=\"https:\/\/lepays.bf\/attaque-meurtriere-dun-camp-militaire-au-mali-mais-ou-sont-passes-les-instructeurs-russes\/\">Cliquez ici pour lire l&rsquo;article depuis sa source.<\/a><\/p>\n","protected":false},"excerpt":{"rendered":"<p>Le Mali est en deuil. Il pleure la disparition d\u2019une trentaine de ses soldats tu\u00e9s dans des circonstances pour le moins tragiques. En effet, des hommes arm\u00e9s, venus d\u2019on ne sait o\u00f9, ont ouvert le feu sur le camp militaire situ\u00e9 \u00e0 Mondoro, dans le [\u2026] L\u2019article ATTAQUE MEURTRIERE D\u2019UN CAMP MILITAIRE AU MALI : [&hellip;]<\/p>\n","protected":false},"author":1813,"featured_media":0,"comment_status":"closed","ping_status":"closed","sticky":false,"template":"","format":"standard","meta":{"fifu_image_url":"https:\/\/lepays.bf\/wp-content\/uploads\/2022\/03\/attaque_Mali.jpg","fifu_image_alt":"ATTAQUE MEURTRIERE D\u2019UN CAMP MILITAIRE AU MALI : Mais o\u00f9 sont pass\u00e9s les instructeurs russes\u00a0?","footnotes":""},"categories":[73,81],"tags":[],"class_list":["post-142487","post","type-post","status-publish","format-standard","hentry","category-actualite","category-burkina-faso"],"_links":{"self":[{"href":"https:\/\/linitiative.ca\/International\/wp-json\/wp\/v2\/posts\/142487","targetHints":{"allow":["GET"]}}],"collection":[{"href":"https:\/\/linitiative.ca\/International\/wp-json\/wp\/v2\/posts"}],"about":[{"href":"https:\/\/linitiative.ca\/International\/wp-json\/wp\/v2\/types\/post"}],"author":[{"embeddable":true,"href":"https:\/\/linitiative.ca\/International\/wp-json\/wp\/v2\/users\/1813"}],"replies":[{"embeddable":true,"href":"https:\/\/linitiative.ca\/International\/wp-json\/wp\/v2\/comments?post=142487"}],"version-history":[{"count":0,"href":"https:\/\/linitiative.ca\/International\/wp-json\/wp\/v2\/posts\/142487\/revisions"}],"wp:attachment":[{"href":"https:\/\/linitiative.ca\/International\/wp-json\/wp\/v2\/media?parent=142487"}],"wp:term":[{"taxonomy":"category","embeddable":true,"href":"https:\/\/linitiative.ca\/International\/wp-json\/wp\/v2\/categories?post=142487"},{"taxonomy":"post_tag","embeddable":true,"href":"https:\/\/linitiative.ca\/International\/wp-json\/wp\/v2\/tags?post=142487"}],"curies":[{"name":"wp","href":"https:\/\/api.w.org\/{rel}","templated":true}]}}