{"id":142489,"date":"2022-03-06T13:59:05","date_gmt":"2022-03-06T18:59:05","guid":{"rendered":"https:\/\/linitiative.ca\/International\/sort-des-africains-en-ukraine-lua-doit-mieux-faire\/"},"modified":"2022-03-06T13:59:05","modified_gmt":"2022-03-06T18:59:05","slug":"sort-des-africains-en-ukraine-lua-doit-mieux-faire","status":"publish","type":"post","link":"https:\/\/linitiative.ca\/International\/sort-des-africains-en-ukraine-lua-doit-mieux-faire\/","title":{"rendered":"SORT DES AFRICAINS EN UKRAINE : L\u2019UA doit mieux faire"},"content":{"rendered":"<div>\n<p><img loading=\"lazy\" decoding=\"async\" width=\"592\" height=\"296\" src=\"https:\/\/linitiative.ca\/International\/wp-content\/uploads\/sites\/23\/2022\/03\/UKRAINE.jpg\" class=\"attachment- size- wp-post-image\" alt=\"\" style=\"float:left; margin:0 15px 15px 0;\" srcset=\"https:\/\/linitiative.ca\/International\/wp-content\/uploads\/sites\/23\/2022\/03\/UKRAINE.jpg 592w, https:\/\/lepays.bf\/wp-content\/uploads\/2022\/03\/UKRAINE-300x150.jpg 300w\" sizes=\"auto, (max-width: 592px) 100vw, 592px\">La Russie poursuit son offensive en Ukraine, entra\u00eenant un exode massif des populations civiles qui fuient les zones de combats. Face \u00e0 ces sc\u00e8nes apocalyptiques,\u00a0 \u00a0de nombreux Etats de par le monde, r\u00e9pondant \u00e0\u00a0 leur devoir de protection de leurs citoyens et d\u2019assistance humanitaire, volent [\u2026]<\/p>\n<p>L\u2019article <a rel=\"nofollow\" href=\"https:\/\/lepays.bf\/sort-des-africains-en-ukraine-lua-doit-mieux-faire\/\">SORT DES AFRICAINS EN UKRAINE : L\u2019UA doit mieux faire<\/a> est apparu en premier sur <a rel=\"nofollow\" href=\"https:\/\/lepays.bf\/\">Editions Le Pays<\/a>.<\/p>\n<\/div>\n<p>Auteur: Editions LEPAYS<br \/>\n<a href=\"https:\/\/lepays.bf\/sort-des-africains-en-ukraine-lua-doit-mieux-faire\/\">Cliquez ici pour lire l&rsquo;article depuis sa source.<\/a><\/p>\n","protected":false},"excerpt":{"rendered":"<p>La Russie poursuit son offensive en Ukraine, entra\u00eenant un exode massif des populations civiles qui fuient les zones de combats. Face \u00e0 ces sc\u00e8nes apocalyptiques,\u00a0 \u00a0de nombreux Etats de par le monde, r\u00e9pondant \u00e0\u00a0 leur devoir de protection de leurs citoyens et d\u2019assistance humanitaire, volent [\u2026] L\u2019article SORT DES AFRICAINS EN UKRAINE : L\u2019UA doit [&hellip;]<\/p>\n","protected":false},"author":1813,"featured_media":0,"comment_status":"closed","ping_status":"closed","sticky":false,"template":"","format":"standard","meta":{"fifu_image_url":"https:\/\/lepays.bf\/wp-content\/uploads\/2022\/03\/UKRAINE.jpg","fifu_image_alt":"SORT DES AFRICAINS EN UKRAINE : L\u2019UA doit mieux faire","footnotes":""},"categories":[73,81],"tags":[],"class_list":["post-142489","post","type-post","status-publish","format-standard","hentry","category-actualite","category-burkina-faso"],"_links":{"self":[{"href":"https:\/\/linitiative.ca\/International\/wp-json\/wp\/v2\/posts\/142489","targetHints":{"allow":["GET"]}}],"collection":[{"href":"https:\/\/linitiative.ca\/International\/wp-json\/wp\/v2\/posts"}],"about":[{"href":"https:\/\/linitiative.ca\/International\/wp-json\/wp\/v2\/types\/post"}],"author":[{"embeddable":true,"href":"https:\/\/linitiative.ca\/International\/wp-json\/wp\/v2\/users\/1813"}],"replies":[{"embeddable":true,"href":"https:\/\/linitiative.ca\/International\/wp-json\/wp\/v2\/comments?post=142489"}],"version-history":[{"count":0,"href":"https:\/\/linitiative.ca\/International\/wp-json\/wp\/v2\/posts\/142489\/revisions"}],"wp:attachment":[{"href":"https:\/\/linitiative.ca\/International\/wp-json\/wp\/v2\/media?parent=142489"}],"wp:term":[{"taxonomy":"category","embeddable":true,"href":"https:\/\/linitiative.ca\/International\/wp-json\/wp\/v2\/categories?post=142489"},{"taxonomy":"post_tag","embeddable":true,"href":"https:\/\/linitiative.ca\/International\/wp-json\/wp\/v2\/tags?post=142489"}],"curies":[{"name":"wp","href":"https:\/\/api.w.org\/{rel}","templated":true}]}}