{"id":142491,"date":"2022-03-06T17:10:00","date_gmt":"2022-03-06T22:10:00","guid":{"rendered":"https:\/\/linitiative.ca\/International\/les-fantassins-de-la-refondation\/"},"modified":"2022-03-06T17:10:00","modified_gmt":"2022-03-06T22:10:00","slug":"les-fantassins-de-la-refondation","status":"publish","type":"post","link":"https:\/\/linitiative.ca\/International\/les-fantassins-de-la-refondation\/","title":{"rendered":"Les fantassins de la Refondation"},"content":{"rendered":"<div>\n<p>Le Pr\u00e9sident de Transition, Paul-Henri Damiba, a nomm\u00e9, le jeudi 3 mars 2022, Albert Ou\u00e9draogo, un technocrate exp\u00e9riment\u00e9 peu connu du grand public, Premier ministre de Transition. A presque 53 ans, le nouveau Premier ministre est un v\u00e9t\u00e9ran du d\u00e9veloppement, du conseil en finance et management au profit de l\u2019administration publique de son pays et des entreprises du secteur priv\u00e9. Dans la foul\u00e9e, un gouvernement de Transition de 25 membres, dont 6 femmes, a \u00e9t\u00e9 d\u00e9voil\u00e9, le samedi 5 mars 2022.<\/p>\n<p>En attendant de voir les \u00ab 25 fantassins \u00bb de la refondation promise par le Pr\u00e9sident Damiba au pied du mur et au-del\u00e0 de grosses surprises (l\u2019ex-secr\u00e9taire g\u00e9n\u00e9ral de la plus puissante organisation syndicale du pays, Bassolma Bazi\u00e9, qui fait son entr\u00e9e dans le gouvernement) dont certaines ne manqueront pas d\u2019alimenter la chronique ouagalaise, l\u2019ossature du gouvernement de Transition est un symbole fort de la vision pr\u00e9sidentielle de \u00ab d\u00e9barrasser \u00bb le Burkina Faso nouveau des \u00ab oripeaux d\u2019une gestion politique aux antipodes des nouvelles aspirations de notre peuple\u00bb.<\/p>\n<p>Quitte \u00e0 choisir des personnalit\u00e9s sans exp\u00e9rience gouvernementale pour certains mais toujours \u00e0 bonne distance des chapelles politiques et des immanquables m\u00e9lis-m\u00e9los partisans. A priori, ce gouvernement de Transition regorge de valeurs individuelles certaines et dignes de confiance, pourvu que les fruits respectent les promesses des fleurs.<\/p>\n<p>Certains n\u2019h\u00e9siteraient d\u2019ailleurs pas \u00e0 donner le bon Dieu sans confession au nouveau Garde des Sceaux, Me Barthelemy K\u00e9r\u00e9, \u00e0 ses homologues en charge de l\u2019Economie, Abel Seglaro Som\u00e9, de l\u2019Enseignement sup\u00e9rieur, Fr\u00e9d\u00e9ric Ouattara, des Affaires religieuses, Issaka Sourwema et de l\u2019Action humanitaire, Lazare Zoungrana, entre autres.<\/p>\n<p>Au vu de sa composition, on peut dire que le Premier ministre a ratiss\u00e9 large pour une transition inclusive. Celle-ci devrait ouvrir la voie \u00e0 la r\u00e9conciliation nationale \u00ab qui d\u00e9clenchera la marche triomphale vers l\u2019horizon du bonheur \u00bb, foi du pr\u00e9sident Damiba.<\/p>\n<p>Celui-ci veut notamment aller tr\u00e8s vite et au rythme des fortes attentes des populations relatives au r\u00e9tablissement progressif de la s\u00e9curit\u00e9, dans les limites des fronti\u00e8res du pays. C\u2019est assur\u00e9ment une \u00e9quipe gouvernementale inclusive au regard \u00e0 la pr\u00e9sence de toutes les tendances politiques et mieux, de certains t\u00e9nors des forces sociales et civiles.<\/p>\n<p>Avec notamment la pr\u00e9sence de quelques \u00ab vieux loups \u00bb de la politique qui connaissent parfaitement la faune et la flore politique et de jeunes sherpas fins connaisseurs des dossiers et des arcanes de l\u2019administration publique et priv\u00e9e.<\/p>\n<p>C\u2019est \u00e0 l\u2019image de Bassolma Bazi\u00e9, au poste de ministre de la Fonction publique, du Travail et de la Protection sociale, de l\u2019\u00e9crivain et analyste politique Lionel Bilgo au minist\u00e8re de l\u2019Education nationale, de l\u2019Alphab\u00e9tisation et de la Promotion des langues nationales.<\/p>\n<p>Ce qui ouvre le champ \u00e0 tous les possibles. Avec la pr\u00e9sence de l\u2019ancien ministre en charge de l\u2019Administration territoriale, Y\u00e9ro Boly et de l\u2019ex-patron des renseignements int\u00e9rieurs, le Colonel-major Omer Bationo, le Premier ministre Albert Ou\u00e9draogo aurait voulu une \u00e9quipe gouvernementale alliant la fougue de la jeunesse \u00e0 la sagesse des ain\u00e9s qu\u2019il ne s\u2019y prendrait pas autrement.<\/p>\n<p>Un cocktail id\u00e9al en cette p\u00e9riode de guerre o\u00f9 il faut se h\u00e2ter lentement dans le balisage de la voie et pour \u00e9plucher les dossiers avec efficacit\u00e9. Aussi la pr\u00e9sence de peu de militaires, marque-t-elle la volont\u00e9 de la grande muette de se concentrer sur ses attributions et son domaine de pr\u00e9dilection ? Avec l\u2019appui du peuple, la victoire est certaine dans cette dynamique d\u2019union nationale pour faire face aux p\u00e9rils qui sapent insidieusement les fondements du pays.<\/p>\n<p style=\"text-align: right\"><strong>Par Mahamadi TIEGNA <\/strong><\/p>\n<p style=\"text-align: right\">mahamaditiegna@yahoo.fr<\/p>\n<p>L\u2019article <a rel=\"nofollow\" href=\"https:\/\/www.sidwaya.info\/blog\/2022\/03\/06\/les-fantassins-de-la-refondation\/\">Les fantassins de la Refondation<\/a> est apparu en premier sur <a rel=\"nofollow\" href=\"https:\/\/www.sidwaya.info\/\">Quotidien Sidwaya<\/a>.<\/p>\n<\/div>\n<p>Auteur: JK. Sidwaya<br \/>\n<a href=\"https:\/\/www.sidwaya.info\/blog\/2022\/03\/06\/les-fantassins-de-la-refondation\/?utm_source=rss&#038;utm_medium=rss&#038;utm_campaign=les-fantassins-de-la-refondation\">Cliquez ici pour lire l&rsquo;article depuis sa source.<\/a><\/p>\n","protected":false},"excerpt":{"rendered":"<p>Le Pr\u00e9sident de Transition, Paul-Henri Damiba, a nomm\u00e9, le jeudi 3 mars 2022, Albert Ou\u00e9draogo, un technocrate exp\u00e9riment\u00e9 peu connu du grand public, Premier ministre de Transition. A presque 53 ans, le nouveau Premier ministre est un v\u00e9t\u00e9ran du d\u00e9veloppement, du conseil en finance et management au profit de l\u2019administration publique de son pays et [&hellip;]<\/p>\n","protected":false},"author":1816,"featured_media":0,"comment_status":"closed","ping_status":"closed","sticky":false,"template":"","format":"standard","meta":{"fifu_image_url":"","fifu_image_alt":"","footnotes":""},"categories":[73,81],"tags":[],"class_list":["post-142491","post","type-post","status-publish","format-standard","hentry","category-actualite","category-burkina-faso"],"_links":{"self":[{"href":"https:\/\/linitiative.ca\/International\/wp-json\/wp\/v2\/posts\/142491","targetHints":{"allow":["GET"]}}],"collection":[{"href":"https:\/\/linitiative.ca\/International\/wp-json\/wp\/v2\/posts"}],"about":[{"href":"https:\/\/linitiative.ca\/International\/wp-json\/wp\/v2\/types\/post"}],"author":[{"embeddable":true,"href":"https:\/\/linitiative.ca\/International\/wp-json\/wp\/v2\/users\/1816"}],"replies":[{"embeddable":true,"href":"https:\/\/linitiative.ca\/International\/wp-json\/wp\/v2\/comments?post=142491"}],"version-history":[{"count":0,"href":"https:\/\/linitiative.ca\/International\/wp-json\/wp\/v2\/posts\/142491\/revisions"}],"wp:attachment":[{"href":"https:\/\/linitiative.ca\/International\/wp-json\/wp\/v2\/media?parent=142491"}],"wp:term":[{"taxonomy":"category","embeddable":true,"href":"https:\/\/linitiative.ca\/International\/wp-json\/wp\/v2\/categories?post=142491"},{"taxonomy":"post_tag","embeddable":true,"href":"https:\/\/linitiative.ca\/International\/wp-json\/wp\/v2\/tags?post=142491"}],"curies":[{"name":"wp","href":"https:\/\/api.w.org\/{rel}","templated":true}]}}