{"id":142492,"date":"2022-03-06T17:16:21","date_gmt":"2022-03-06T22:16:21","guid":{"rendered":"https:\/\/linitiative.ca\/International\/ecoulement-du-pagne-tisse-un-casse-tete-pour-les-tisseuses\/"},"modified":"2022-03-06T17:16:21","modified_gmt":"2022-03-06T22:16:21","slug":"ecoulement-du-pagne-tisse-un-casse-tete-pour-les-tisseuses","status":"publish","type":"post","link":"https:\/\/linitiative.ca\/International\/ecoulement-du-pagne-tisse-un-casse-tete-pour-les-tisseuses\/","title":{"rendered":"Ecoulement du pagne tiss\u00e9 : Un casse-t\u00eate pour les tisseuses"},"content":{"rendered":"<div>\n<p><strong>Le tissage est devenu l\u2019une des activit\u00e9s principales des femmes au Burkina Faso. Individuellement ou en association, des milliers de femmes s\u2019adonnent \u00e0 cette activit\u00e9 qui a connu un d\u00e9veloppement ces derni\u00e8res ann\u00e9es gr\u00e2ce \u00e0 certaines mesures prises par le gouvernement. Toutefois, des difficult\u00e9s subsistent dans le secteur, notamment les probl\u00e8mes d\u2019\u00e9coulement des produits.<\/strong><\/p>\n<p>L\u2019art du tissage du coton est ancien au Burkina Faso. A l\u2019origine, les tisserands \u00e9taient des hommes mais depuis quelques d\u00e9cennies, le visage du tissage au pays des Hommes int\u00e8gres est devenu f\u00e9minin. Regroup\u00e9es en association ou individuellement, des milliers de femmes des zones urbaines et rurales s\u2019adonnent \u00e0 cette activit\u00e9 qui est pour la plupart la principale source de revenus.<\/p>\n<p>Depuis quelques ann\u00e9es, les produits issus de cette activit\u00e9 connaissent un regain d\u2019int\u00e9r\u00eat tant au plan national qu\u2019international gr\u00e2ce aux diff\u00e9rentes mesures de promotion de la fili\u00e8re mises en place par le gouvernement. Il s\u2019agit notamment des subventions accord\u00e9es aux diff\u00e9rentes associations de tisseuses, du port des tenues traditionnelles par les membres du gouvernement, de la labellisation du faso danfani, etc.<\/p>\n<p>Toutes ces mesures ont permis de d\u00e9velopper la fili\u00e8re pour en faire une v\u00e9ritable source de revenus pour de nombreux m\u00e9nages. Cependant, force est de constater que quelques difficult\u00e9s subsistent. Il s\u2019agit notamment de l\u2019\u00e9coulement des produits qui constitue un casse-t\u00eate chinois pour les productrices. En effet, si les diff\u00e9rentes mesures mises en place par les autorit\u00e9s ont permis d\u2019accroitre la production et d\u2019am\u00e9liorer sa qualit\u00e9, les produits issus du tissage peinent cependant \u00e0 \u00eatre \u00e9vacu\u00e9s par les acteurs.<\/p>\n<p>Pour la pr\u00e9sidente de la Chambre des m\u00e9tiers de l\u2019artisanat du Burkina Faso, Germaine Compaor\u00e9\/Bonkoungou, par ailleurs secr\u00e9taire g\u00e9n\u00e9rale de la f\u00e9d\u00e9ration nationale des tisseuses du Burkina et pr\u00e9sidente de l\u2019association des tiseuses Teega-wend\u00e9, ce probl\u00e8me est r\u00e9el et touche la plupart des acteurs de la fili\u00e8re. A titre d\u2019exemple, elle a not\u00e9 que depuis quelques ann\u00e9es, la c\u00e9l\u00e9bration de la Journ\u00e9e internationale des droits de la femme constitue une occasion pour les tisseuses d\u2019augmenter leurs chiffres d\u2019affaires gr\u00e2ce \u00e0 la commercialisation du pagne tiss\u00e9 du 8-Mars.<\/p>\n<p>\u00ab Habituellement, gr\u00e2ce \u00e0 mon association et \u00e0 mon entreprise sp\u00e9cialis\u00e9e dans la commercialisation du faso danfani, je pouvais vendre plus de 27 000 pagnes tiss\u00e9s en une \u00e9dition. Mais cette ann\u00e9e, je ne suis m\u00eame pas s\u00fbr de vendre 10 000 pagnes \u00bb, a-t-elle d\u00e9plor\u00e9. La situation nationale point\u00e9e du doigt Pour la responsable de l\u2019association Teega-wend\u00e9, plusieurs raisons sont \u00e0 l\u2019origine du non engouement des femmes pour le pagne tiss\u00e9 de 2022.<\/p>\n<p>\u00ab Beaucoup de structures n\u2019ont pas demand\u00e9 parce qu\u2019il n\u2019y a pas de logo ni de th\u00e8me sur les pagnes tiss\u00e9s de cette ann\u00e9e. Pourtant eux ils sont dans la dynamique d\u2019accompagner le pagne par un message \u00bb, a-t-elle indiqu\u00e9. Une autre raison qui pourrait expliquer la m\u00e9vente du pagne tiss\u00e9 selon Mme Compaor\u00e9 est l\u2019incertitude qui plane sur la c\u00e9l\u00e9bration de cette ann\u00e9e. \u00ab Compte tenu de la situation nationale et du fait qu\u2019il n\u2019y a actuellement pas de minist\u00e8re de tutelle, beaucoup de femmes se demandent s\u2019il y aura une c\u00e9l\u00e9bration nationale cette ann\u00e9e.<\/p>\n<p>Au vu donc de ces diff\u00e9rentes incertitudes, elles n\u2019ont pas achet\u00e9 le pagne \u00bb, a-t-elle d\u00e9plor\u00e9. C\u2019est sans doute cette incertitude autour de la c\u00e9l\u00e9bration de la Journ\u00e9e internationale des droits de la femme au Burkina et les faibles recettes enregistr\u00e9es lors de la derni\u00e8re \u00e9dition qui ont conduit les responsables de la boutique \u00ab Palais de la Sap \u00bb sise \u00e0 Paglayiri \u00e0 ne pas commander le pagne tiss\u00e9 de cette ann\u00e9e. \u00ab Les pagnes de l\u2019ann\u00e9e pass\u00e9e sont toujours l\u00e0 et personne ne veut encore.<\/p>\n<p>Cette ann\u00e9e, nous avons d\u00e9cid\u00e9 de ne m\u00eame pas en prendre \u00bb, a confi\u00e9 Mounira Nar\u00e9 g\u00e9rante de la boutique. De ce qu\u2019elle a dit, les pagnes traditionnels actuellement qu\u2019ils soient du 8-Mars ou d\u2019autres motifs, manquent d\u2019acheteurs. \u00ab Je peux faire une semaine sans vendre un seul pagne \u00bb, a-t-elle d\u00e9plor\u00e9. Essayant de donner des explications \u00e0 cette situation, Mme Compaor\u00e9 a not\u00e9 que la plus importante est l\u2019ins\u00e9curit\u00e9 qui mine le pays.<\/p>\n<p>En effet, a-t-elle regrett\u00e9, la situation s\u00e9curitaire a occasionn\u00e9 l\u2019annulation ou le report de certaines festivit\u00e9s telles que le Salon international de l\u2019artisanat de Ouagadougou (SIAO) qui est destin\u00e9 \u00e0 la promotion de l\u2019artisanat au Burkina. Des opportunit\u00e9s ferm\u00e9es De l\u2019avis de Mme Compaor\u00e9, ces festivit\u00e9s constituaient de tr\u00e8s bonnes occasions d\u2019\u00e9coulement pour les productrices dans la mesure o\u00f9 elles r\u00e9unissent pas mal de monde et surtout des \u00e9trangers.<\/p>\n<p>Par ailleurs, ces rencontres \u00e9taient \u00e9galement des opportunit\u00e9s pour les commer\u00e7ants d\u2019agrandir leurs carnets d\u2019adresses. \u00ab Mais s\u2019il n\u2019y a plus tout cela, c\u2019est difficile \u00bb, a-t-elle d\u00e9plor\u00e9. Par ailleurs, l\u2019ins\u00e9curit\u00e9 a entrain\u00e9 une baisse du nombre de touristes au Burkina Faso. Ces touristes constituaient pourtant de potentiels clients pour les tisseuses dans la mesure o\u00f9 chacun, de passage au pays des Hommes int\u00e8gres, mettait tout en \u0153uvre pour repartir avec un pagne faso danfani, identit\u00e9 culturelle du pays.<\/p>\n<p>A l\u2019ins\u00e9curit\u00e9, la pr\u00e9sidente de la CMA-BF a ajout\u00e9 le manque de moyens pour prendre part \u00e0 certaines foires r\u00e9gionales et internationales telles que la Foire internationale de Dakar (FIDAK) au S\u00e9n\u00e9gal. \u00ab Lorsqu\u2019il y a ce genre de foire, ce sont tr\u00e8s souvent des repr\u00e9sentants des directions et services rattach\u00e9s \u00e0 l\u2019artisanat qui y prennent part pour le compte du Burkina \u00bb a-t-elle d\u00e9plor\u00e9 notant que les acteurs eux-m\u00eames n\u2019ont pas toujours les moyens d\u2019y aller.<\/p>\n<p>\u00ab Habituellement, le stand \u00e0 lui seul s\u2019ach\u00e8te \u00e0 environ 800 000 FCFA sans compter le transport. Sans soutien, il est difficile pour une tisseuse d\u2019y aller de son propre chef. Pourtant, c\u2019est \u00e0 travers ce genre d\u2019activit\u00e9 qu\u2019elle peut arriver \u00e0 \u00e9couler facilement ses produits \u00bb, a-t-elle estim\u00e9. Mme Compaor\u00e9 a donc plaid\u00e9 pour que des mesures d\u2019accompagnement soient prises en faveur des organisations de tisseuses afin qu\u2019elles puissent prendre part \u00e0 ce type de foires.<\/p>\n<p>\u00ab Lorsqu\u2019il y a le SIAO, la SNC, etc, les d\u00e9l\u00e9gations \u00e9trang\u00e8res se mobilisent pour venir mais quand elles organisent leurs salons, les artisans burkinab\u00e8 n\u2019y sont jamais assez repr\u00e9sent\u00e9s. Ce n\u2019est pas bien vu et il y a lieu qu\u2019on travaille \u00e0 corriger cela \u00bb, a-t-elle plaid\u00e9. La pr\u00e9sidente de la CMA-BF a par ailleurs invit\u00e9 les nouvelles autorit\u00e9s \u00e0 poursuivre la dynamique de promotion engag\u00e9e par le gouvernement afin de combler les lacunes et d\u00e9velopper davantage le secteur.<\/p>\n<p style=\"text-align: right\"><strong>Nad\u00e8ge YAMEOGO <\/strong><\/p>\n<p>L\u2019article <a rel=\"nofollow\" href=\"https:\/\/www.sidwaya.info\/blog\/2022\/03\/06\/ecoulement-du-pagne-tisse-un-casse-tete-pour-les-tisseuses\/\">Ecoulement du pagne tiss\u00e9 : Un casse-t\u00eate pour les tisseuses<\/a> est apparu en premier sur <a rel=\"nofollow\" href=\"https:\/\/www.sidwaya.info\/\">Quotidien Sidwaya<\/a>.<\/p>\n<\/div>\n<p>Auteur: JK. Sidwaya<br \/>\n<a href=\"https:\/\/www.sidwaya.info\/blog\/2022\/03\/06\/ecoulement-du-pagne-tisse-un-casse-tete-pour-les-tisseuses\/?utm_source=rss&#038;utm_medium=rss&#038;utm_campaign=ecoulement-du-pagne-tisse-un-casse-tete-pour-les-tisseuses\">Cliquez ici pour lire l&rsquo;article depuis sa source.<\/a><\/p>\n","protected":false},"excerpt":{"rendered":"<p>Le tissage est devenu l\u2019une des activit\u00e9s principales des femmes au Burkina Faso. Individuellement ou en association, des milliers de femmes s\u2019adonnent \u00e0 cette activit\u00e9 qui a connu un d\u00e9veloppement ces derni\u00e8res ann\u00e9es gr\u00e2ce \u00e0 certaines mesures prises par le gouvernement. Toutefois, des difficult\u00e9s subsistent dans le secteur, notamment les probl\u00e8mes d\u2019\u00e9coulement des produits. L\u2019art [&hellip;]<\/p>\n","protected":false},"author":1816,"featured_media":0,"comment_status":"closed","ping_status":"closed","sticky":false,"template":"","format":"standard","meta":{"fifu_image_url":"","fifu_image_alt":"","footnotes":""},"categories":[73,81],"tags":[],"class_list":["post-142492","post","type-post","status-publish","format-standard","hentry","category-actualite","category-burkina-faso"],"_links":{"self":[{"href":"https:\/\/linitiative.ca\/International\/wp-json\/wp\/v2\/posts\/142492","targetHints":{"allow":["GET"]}}],"collection":[{"href":"https:\/\/linitiative.ca\/International\/wp-json\/wp\/v2\/posts"}],"about":[{"href":"https:\/\/linitiative.ca\/International\/wp-json\/wp\/v2\/types\/post"}],"author":[{"embeddable":true,"href":"https:\/\/linitiative.ca\/International\/wp-json\/wp\/v2\/users\/1816"}],"replies":[{"embeddable":true,"href":"https:\/\/linitiative.ca\/International\/wp-json\/wp\/v2\/comments?post=142492"}],"version-history":[{"count":0,"href":"https:\/\/linitiative.ca\/International\/wp-json\/wp\/v2\/posts\/142492\/revisions"}],"wp:attachment":[{"href":"https:\/\/linitiative.ca\/International\/wp-json\/wp\/v2\/media?parent=142492"}],"wp:term":[{"taxonomy":"category","embeddable":true,"href":"https:\/\/linitiative.ca\/International\/wp-json\/wp\/v2\/categories?post=142492"},{"taxonomy":"post_tag","embeddable":true,"href":"https:\/\/linitiative.ca\/International\/wp-json\/wp\/v2\/tags?post=142492"}],"curies":[{"name":"wp","href":"https:\/\/api.w.org\/{rel}","templated":true}]}}