{"id":142493,"date":"2022-03-06T17:21:16","date_gmt":"2022-03-06T22:21:16","guid":{"rendered":"https:\/\/linitiative.ca\/International\/crise-a-la-ligue-du-centre-ouest-de-football-les-dirigeants-face-a-la-presse\/"},"modified":"2022-03-06T17:21:16","modified_gmt":"2022-03-06T22:21:16","slug":"crise-a-la-ligue-du-centre-ouest-de-football-les-dirigeants-face-a-la-presse","status":"publish","type":"post","link":"https:\/\/linitiative.ca\/International\/crise-a-la-ligue-du-centre-ouest-de-football-les-dirigeants-face-a-la-presse\/","title":{"rendered":"Crise \u00e0 la Ligue du Centre-Ouest de football : Les dirigeants face  \u00e0 la presse"},"content":{"rendered":"<div>\n<p><strong>La ligue r\u00e9gionale du Centre-Ouest de football a anim\u00e9, le samedi 5 mars 2022, \u00e0 Koudougou, une conf\u00e9rence de presse pour s\u2019expliquer sur la crise qu\u2019elle traverse en ce moment afin de situer l\u2019opinion publique. <\/strong><\/p>\n<p>La Ligue r\u00e9gionale du Centre-Ouest de football traverse une crise depuis quelques temps o\u00f9 un groupe de personnes r\u00e9clament la d\u00e9mission du pr\u00e9sident Rasman\u00e9 Semd\u00e9 de l\u2019instance r\u00e9gionale du football. Les dirigeants \u00e9taient donc face \u00e0 la presse, le samedi 5 mars 2022, pour s\u2019expliquer sur l\u2019origine de cette divergence.<\/p>\n<p>Selon les animateurs de la rencontre, les \u00ab frondeurs \u00bb reprochent au pr\u00e9sident Rasman\u00e9 Semd\u00e9 d\u2019un cumul de postes, \u00e0 savoir celui de pr\u00e9sident de la Ligue r\u00e9gionale du Centre-Ouest de football et celui de 3e vice-pr\u00e9sident charg\u00e9 des comp\u00e9titions et de la s\u00e9curit\u00e9 dans le comit\u00e9 ex\u00e9cutif de la F\u00e9d\u00e9ration burkinab\u00e9 de football(FBF).<\/p>\n<p>\u00ab Pour eux, c\u2019est une entorse \u00e0 la directive du minist\u00e8re des sports et des loisirs portant modalit\u00e9s de renouvellement des bureaux ex\u00e9cutifs des structures dirigeantes du sport de comp\u00e9tition en son article 24 qui stipule que, nul ne peut \u00eatre membre de plus d\u2019un bureau ex\u00e9cutif de structure dirigeante de sport de comp\u00e9tition \u00e0 la fois \u00bb, a fait savoir le directeur de Cabinet du pr\u00e9sident de la Ligue, Aziz Zoma.<\/p>\n<p>Il a ajout\u00e9 que dans la m\u00eame directive, il est pr\u00e9cis\u00e9 que les f\u00e9d\u00e9rations qui ont des dispositions pr\u00e9cises dans leur statut, r\u00e8glement int\u00e9rieur ou code \u00e9lectoral sont autoris\u00e9es \u00e0 les mettre en \u0153uvre. \u00ab Vous conviendrez donc que de telles dispositions ne peuvent pas concerner la FBF qui dispose d\u2019un statut, d\u2019un code d\u2019\u00e9thique, d\u2019un code disciplinaire, d\u2019un code \u00e9lectoral, d\u2019un r\u00e8glement g\u00e9n\u00e9ral des comp\u00e9titions etc. \u00bb, a not\u00e9 M. Zoma. D\u2019ailleurs, a fait observer le DirCab, dans le comit\u00e9 ex\u00e9cutif de la FBF, Rasman\u00e9 Semd\u00e9 n\u2019est pas le seul \u00e0 cumuler deux postes puisque les textes ne l\u2019interdisent pas. Les journalistes ont pos\u00e9 des questions pour \u00e9clairer les zones d\u2019ombre.<\/p>\n<p>A la question de savoir qui sont les frondeurs, le principal animateur de la conf\u00e9rence a laiss\u00e9 entendre qu\u2019ils viennent des trois clubs sur les 13 que compte la Ligue du Centre-Ouest. Y a-t-il un lien entre cette crise et celle de la FBF ? R\u00e9agissant \u00e0 cette question, Aziz Zoma n\u2019a pas fait de doute. \u00ab Cette crise au sein de la ligue vise \u00e0 faire payer \u00e0 Rasman\u00e9 Semd\u00e9, son soutien au pr\u00e9sident de la FBF Lazare Banss\u00e9 \u00e0 la suite de la crise en cours actuellement, n\u00e9e du non-renouvellement du contrat de l\u2019entraineur Kamou Malo \u00bb, a-t-il pr\u00e9cis\u00e9.<\/p>\n<p>Sur la question d\u2019un \u00e9ventuel dialogue entre les deux camps, les animateurs ont affirm\u00e9 avoir entrepris des d\u00e9marches pour ramener les frondeurs sur la table de discussion et que les \u00e9changes se poursuivent. Pour Rasman\u00e9 Semd\u00e9, son engagement pour le football ne date pas d\u2019aujourd\u2019hui et ses choix sont toujours guid\u00e9s par la volont\u00e9 et l\u2019ambition de contribuer au d\u00e9veloppement du sport roi. \u00ab Je ne suis pas le genre de dirigeant qui se laisse manipuler par la recherche d\u2019int\u00e9r\u00eats personnels et \u00e9go\u00efstes \u00bb, a-t-il dit.<\/p>\n<p style=\"text-align: right\"><strong>Beyon Romain NEBIE<\/strong><\/p>\n<p style=\"text-align: right\">beynebie@gmail.com.<\/p>\n<p>L\u2019article <a rel=\"nofollow\" href=\"https:\/\/www.sidwaya.info\/blog\/2022\/03\/06\/crise-a-la-ligue-du-centre-ouest-de-football-les-dirigeants-face-a-la-presse\/\">Crise \u00e0 la Ligue du Centre-Ouest de football : Les dirigeants face  \u00e0 la presse<\/a> est apparu en premier sur <a rel=\"nofollow\" href=\"https:\/\/www.sidwaya.info\/\">Quotidien Sidwaya<\/a>.<\/p>\n<\/div>\n<p>Auteur: JK. Sidwaya<br \/>\n<a href=\"https:\/\/www.sidwaya.info\/blog\/2022\/03\/06\/crise-a-la-ligue-du-centre-ouest-de-football-les-dirigeants-face-a-la-presse\/?utm_source=rss&#038;utm_medium=rss&#038;utm_campaign=crise-a-la-ligue-du-centre-ouest-de-football-les-dirigeants-face-a-la-presse\">Cliquez ici pour lire l&rsquo;article depuis sa source.<\/a><\/p>\n","protected":false},"excerpt":{"rendered":"<p>La ligue r\u00e9gionale du Centre-Ouest de football a anim\u00e9, le samedi 5 mars 2022, \u00e0 Koudougou, une conf\u00e9rence de presse pour s\u2019expliquer sur la crise qu\u2019elle traverse en ce moment afin de situer l\u2019opinion publique. La Ligue r\u00e9gionale du Centre-Ouest de football traverse une crise depuis quelques temps o\u00f9 un groupe de personnes r\u00e9clament la [&hellip;]<\/p>\n","protected":false},"author":1816,"featured_media":0,"comment_status":"closed","ping_status":"closed","sticky":false,"template":"","format":"standard","meta":{"fifu_image_url":"","fifu_image_alt":"","footnotes":""},"categories":[73,81],"tags":[],"class_list":["post-142493","post","type-post","status-publish","format-standard","hentry","category-actualite","category-burkina-faso"],"_links":{"self":[{"href":"https:\/\/linitiative.ca\/International\/wp-json\/wp\/v2\/posts\/142493","targetHints":{"allow":["GET"]}}],"collection":[{"href":"https:\/\/linitiative.ca\/International\/wp-json\/wp\/v2\/posts"}],"about":[{"href":"https:\/\/linitiative.ca\/International\/wp-json\/wp\/v2\/types\/post"}],"author":[{"embeddable":true,"href":"https:\/\/linitiative.ca\/International\/wp-json\/wp\/v2\/users\/1816"}],"replies":[{"embeddable":true,"href":"https:\/\/linitiative.ca\/International\/wp-json\/wp\/v2\/comments?post=142493"}],"version-history":[{"count":0,"href":"https:\/\/linitiative.ca\/International\/wp-json\/wp\/v2\/posts\/142493\/revisions"}],"wp:attachment":[{"href":"https:\/\/linitiative.ca\/International\/wp-json\/wp\/v2\/media?parent=142493"}],"wp:term":[{"taxonomy":"category","embeddable":true,"href":"https:\/\/linitiative.ca\/International\/wp-json\/wp\/v2\/categories?post=142493"},{"taxonomy":"post_tag","embeddable":true,"href":"https:\/\/linitiative.ca\/International\/wp-json\/wp\/v2\/tags?post=142493"}],"curies":[{"name":"wp","href":"https:\/\/api.w.org\/{rel}","templated":true}]}}