{"id":142494,"date":"2022-03-06T17:27:46","date_gmt":"2022-03-06T22:27:46","guid":{"rendered":"https:\/\/linitiative.ca\/International\/celebration-du-8-mars-2022-le-tete-a-tete-entre-les-femmes-et-le-president-du-faso-naura-pas-lieu-regrette-la-coordonnatrice-des-organisations-feminines-de-la-region-d\/"},"modified":"2022-03-06T17:27:46","modified_gmt":"2022-03-06T22:27:46","slug":"celebration-du-8-mars-2022-le-tete-a-tete-entre-les-femmes-et-le-president-du-faso-naura-pas-lieu-regrette-la-coordonnatrice-des-organisations-feminines-de-la-region-d","status":"publish","type":"post","link":"https:\/\/linitiative.ca\/International\/celebration-du-8-mars-2022-le-tete-a-tete-entre-les-femmes-et-le-president-du-faso-naura-pas-lieu-regrette-la-coordonnatrice-des-organisations-feminines-de-la-region-d\/","title":{"rendered":"C\u00e9l\u00e9bration du 8 mars 2022 : \u00ab Le t\u00eate- \u00e0- t\u00eate entre les femmes  et le pr\u00e9sident du Faso n\u2019aura pas lieu \u00bb,  regrette  la coordonnatrice des organisations  f\u00e9minines de la  r\u00e9gion du Centre, Marceline Tou"},"content":{"rendered":"<div>\n<p><strong>Le Burkina Faso c\u00e9l\u00e8bre la 165e Journ\u00e9e internationale des droits de la femme, sous le th\u00e8me \u00ab D\u00e9fis s\u00e9curitaire et sanitaire : quelles strat\u00e9gies pour une meilleure protection des femmes ? \u00bb. Dans cette interview, la coordonnatrice des organisations f\u00e9minines de la r\u00e9gion du Centre, Marceline Tou, \u00e9voque la sobri\u00e9t\u00e9 de la comm\u00e9moration du 8 mars 2022, \u00e0 travers un panel, \u00e0 Ouagadougou sans le traditionnel t\u00eate-\u00e0-t\u00eate avec le pr\u00e9sident du Faso. Elle est revenue \u00e9galement sur le repas communautaire qui sera offert aux femmes d\u00e9plac\u00e9es internes dans les r\u00e9gions du Nord, du Centre-Nord, du Sahel, de l\u2019Est et de la Boucle du Mouhoun, les cinq r\u00e9gions \u00e0 fort d\u00e9fis s\u00e9curitaires et dans les cours de solidarit\u00e9.<\/strong><\/p>\n<p><strong>Sidwaya (S) : Le Burkina Faso c\u00e9l\u00e8bre la 165e Journ\u00e9e internationale des droits de la femme, sous le th\u00e8me : \u00ab D\u00e9fis s\u00e9curitaire et sanitaire : quelles strat\u00e9gies pour une meilleure protection des femmes ? \u00bb. Comment avez-vous accueilli cette th\u00e9matique ? <\/strong><\/p>\n<p><strong>Marceline Tou (M. T.) :<\/strong> Le th\u00e8me est le bienvenu, vu la situation s\u00e9curitaire et sanitaire que traverse actuellement le pays. C\u2019est un th\u00e8me qui a \u00e9t\u00e9 bien \u00e9tudi\u00e9 au regard des probl\u00e8mes, entre autres, de sant\u00e9 et de s\u00e9curit\u00e9 que vivent les femmes de la r\u00e9gion du Centre et des autres r\u00e9gions, au quotidien.<\/p>\n<p><strong>S : Quelle peut \u00eatre la port\u00e9e r\u00e9elle d\u2019un tel th\u00e8me pour l\u2019\u00e9panouissement socio-\u00e9conomique des femmes ? <\/strong><\/p>\n<p><strong>M. T. :<\/strong> Parler aujourd\u2019hui de l\u2019\u00e9panouissement de la femme, c\u2019est un sujet tr\u00e8s d\u00e9licat, surtout avec les souffrances que les populations et notamment les femmes endurent depuis l\u2019av\u00e8nement du terrorisme. Mais, nous pensons qu\u2019\u00e0 l\u2019issue de la r\u00e9flexion, autour du panel sur le th\u00e8me, \u00ab D\u00e9fis s\u00e9curitaire et sanitaire : quelles strat\u00e9gies pour une meilleure protection des femmes ?\u00bb, des strat\u00e9gies pourront \u00eatre \u00e9labor\u00e9es pour l\u2019\u00e9panouissement r\u00e9el de la femme burkinab\u00e8.<\/p>\n<p><strong> S : Quel peut \u00eatre le r\u00f4le des femmes dans la recherche des strat\u00e9gies pour leur meilleure protection en mati\u00e8re de d\u00e9fis s\u00e9curitaire et sanitaire ?<\/strong><\/p>\n<p><strong> M. T. :<\/strong> Les femmes doivent jouer un r\u00f4le actif et participatif dans la recherche des strat\u00e9gies les concernant. Et pour ce faire, il faut les impliquer davantage dans la prise de d\u00e9cisions. Que ce soit le domaine s\u00e9curitaire ou sanitaire, les femmes sont les mieux plac\u00e9es pour d\u00e9crire les souffrances qu\u2019elles vivent au quotidien. Partant de l\u00e0, il faut les associer dans la recherche de ces solutions-l\u00e0, afin de ne pas faire d\u2019elles des simples b\u00e9n\u00e9ficiaires, mais plut\u00f4t des actrices de leur propre d\u00e9veloppement.<\/p>\n<p><strong>S : Qu\u2019est-ce qui est pr\u00e9vue, cette ann\u00e9e au niveau de la r\u00e9gion du Centre, dans le cadre de cette c\u00e9l\u00e9bration ? <\/strong><\/p>\n<p><strong>M. T. :<\/strong> Pour cette ann\u00e9e, la 165e Journ\u00e9e internationale des droits de la femme sera c\u00e9l\u00e9br\u00e9e dans la sobri\u00e9t\u00e9 autour de la th\u00e9matique retenue. Elle va regrouper environ 200 femmes de toutes les 13 r\u00e9gions du pays au Conseil burkinab\u00e8 des chargeurs (CBC) \u00e0 Ouagadougou.<\/p>\n<p><strong>S : Est-ce que la nouvelle situation sociopolitique, a un effet sur les activit\u00e9s comm\u00e9moratives du 8 mars 2022 ? <\/strong><\/p>\n<p><strong>M. T. :<\/strong> Nous pouvons dire que cette nouvelle situation politique a beaucoup boulevers\u00e9 l\u2019organisation de la 165e Journ\u00e9e internationale des droits de la femme au Burkina Faso. Car, chaque ann\u00e9e, en marge de la c\u00e9l\u00e9bration du 8-Mars, il y a beaucoup d\u2019activit\u00e9s au programme, comme les mariages collectifs, les campagnes de sensibilisation et de d\u00e9pistages du cancer de sein et du col de l\u2019ut\u00e9rus.<\/p>\n<p>Il figure aussi des activit\u00e9s organis\u00e9es par le minist\u00e8re en charge de la femme et d\u2019autres organisations f\u00e9minines. A cela s\u2019ajoutent, les fora r\u00e9gionaux et le forum national des femmes. Et le jour J, il est pr\u00e9vu un t\u00eate- \u00e0- t\u00eate entre le pr\u00e9sident du Faso et les femmes de toutes les r\u00e9gions du pays. Il s\u2019agit d\u2019un d\u00e9jeuner au cours duquel les femmes exposent leurs pr\u00e9occupations et transmettent leurs dol\u00e9ances au chef de l\u2019Etat.<\/p>\n<p>Et, jusque-l\u00e0, ce t\u00eate- \u00e0- t\u00eate n\u2019est pas encore annonc\u00e9 dans le programme d\u2019activit\u00e9s et j\u2019ignore les raisons. Ainsi, en lieu et place de ce face-\u00e0-face avec le chef de l\u2019Etat, les femmes ont pr\u00e9vu un message. Maintenant, avec cette nouvelle situation, les gens ne savent pas quoi faire et beaucoup d\u2019associations f\u00e9minines se sont abstenues d\u2019organiser des activit\u00e9s. M\u00eame, pour l\u2019organisation du panel, c\u2019est \u00e0 la derni\u00e8re minute que nous avons \u00e9t\u00e9 approch\u00e9es par le minist\u00e8re en charge de la femme.<\/p>\n<p><strong> S : Est-ce que les femmes d\u00e9plac\u00e9es internes sont prises en compte dans cette c\u00e9l\u00e9bration ? <\/strong><\/p>\n<p><strong>M. T. :<\/strong> Oui, bien s\u00fbr que nos s\u0153urs et filles d\u00e9plac\u00e9es internes sont prises en compte. C\u2019est aussi leur journ\u00e9e. En tant que premi\u00e8res victimes de l\u2019ins\u00e9curit\u00e9, elles sont concern\u00e9es et mieux indiqu\u00e9es dans la recherche de strat\u00e9gies sur le plan s\u00e9curitaire. Au niveau de la r\u00e9gion de Centre, o\u00f9 il y a beaucoup de d\u00e9plac\u00e9es internes, les femmes sont invit\u00e9es \u00e0 prendre part au panel.<\/p>\n<p><strong>S : Y\u2019a-t-il des activit\u00e9s sp\u00e9cifiques d\u00e9di\u00e9es aux femmes d\u00e9plac\u00e9es internes ?<\/strong><\/p>\n<p><strong> M. T. :<\/strong> En plus de leur participation au panel, \u00e0 travers un repas communautaire, le minist\u00e8re en charge du genre, va communier avec les femmes d\u00e9plac\u00e9es internes dans les r\u00e9gions du Nord, du Centre-Nord, du Sahel, de l\u2019Est et de la Boucle du Mouhoun, les cinq r\u00e9gions \u00e0 forts d\u00e9fis s\u00e9curitaires et dans les cours de solidarit\u00e9.<\/p>\n<p><strong>S : La nouvelle donne politique peut-elle \u00eatre une opportunit\u00e9 pour les femmes ? <\/strong><\/p>\n<p><strong>M. T. :<\/strong> Avec la Transition qui s\u2019annonce, cela peut \u00eatre une opportunit\u00e9 pour une implication r\u00e9elle des femmes dans les sph\u00e8res de prise de d\u00e9cision. Seulement, la question du quota genre, a \u00e9t\u00e9 occult\u00e9e dans le choix des organes de la transition, comme cela a \u00e9t\u00e9 fait avec les OSC, les partis politiques et autres structures lors des assises nationales qui ont abouti \u00e0 l\u2019adoption de la Charte de la Transition.<\/p>\n<p>Et les femmes ont interpel\u00e9 les nouvelles autorit\u00e9s qui ont promis de tenir compte de ces observations. Aussi, nous constatons qu\u2019avec les nouvelles autorit\u00e9s, les femmes ne sont pas encore concern\u00e9es. Cette situation commence \u00e0 inqui\u00e9ter les femmes. C\u2019est pourquoi, nous invitons le pr\u00e9sident du Faso, \u00e0 une pens\u00e9e positive \u00e0 l\u2019endroit des femmes et \u00e0 les impliquer davantage dans la gouvernance du pays.<\/p>\n<p style=\"text-align: right\"><strong>Mariam OUEDRAOGO<\/strong><\/p>\n<p>L\u2019article <a rel=\"nofollow\" href=\"https:\/\/www.sidwaya.info\/blog\/2022\/03\/06\/celebration-du-8-mars-2022-le-tete-a-tete-entre-les-femmes-et-le-president-du-faso-naura-pas-lieu-regrette-la-coordonnatrice-des-organisations-feminines-de-la-region-d\/\">C\u00e9l\u00e9bration du 8 mars 2022 : \u00ab Le t\u00eate- \u00e0- t\u00eate entre les femmes  et le pr\u00e9sident du Faso n\u2019aura pas lieu \u00bb,  regrette  la coordonnatrice des organisations  f\u00e9minines de la  r\u00e9gion du Centre, Marceline Tou<\/a> est apparu en premier sur <a rel=\"nofollow\" href=\"https:\/\/www.sidwaya.info\/\">Quotidien Sidwaya<\/a>.<\/p>\n<\/div>\n<p>Auteur: JK. Sidwaya<br \/>\n<a href=\"https:\/\/www.sidwaya.info\/blog\/2022\/03\/06\/celebration-du-8-mars-2022-le-tete-a-tete-entre-les-femmes-et-le-president-du-faso-naura-pas-lieu-regrette-la-coordonnatrice-des-organisations-feminines-de-la-region-d\/?utm_source=rss&#038;utm_medium=rss&#038;utm_campaign=celebration-du-8-mars-2022-le-tete-a-tete-entre-les-femmes-et-le-president-du-faso-naura-pas-lieu-regrette-la-coordonnatrice-des-organisations-feminines-de-la-region-d\">Cliquez ici pour lire l&rsquo;article depuis sa source.<\/a><\/p>\n","protected":false},"excerpt":{"rendered":"<p>Le Burkina Faso c\u00e9l\u00e8bre la 165e Journ\u00e9e internationale des droits de la femme, sous le th\u00e8me \u00ab D\u00e9fis s\u00e9curitaire et sanitaire : quelles strat\u00e9gies pour une meilleure protection des femmes ? \u00bb. Dans cette interview, la coordonnatrice des organisations f\u00e9minines de la r\u00e9gion du Centre, Marceline Tou, \u00e9voque la sobri\u00e9t\u00e9 de la comm\u00e9moration du 8 [&hellip;]<\/p>\n","protected":false},"author":1816,"featured_media":0,"comment_status":"closed","ping_status":"closed","sticky":false,"template":"","format":"standard","meta":{"fifu_image_url":"","fifu_image_alt":"","footnotes":""},"categories":[73,81],"tags":[],"class_list":["post-142494","post","type-post","status-publish","format-standard","hentry","category-actualite","category-burkina-faso"],"_links":{"self":[{"href":"https:\/\/linitiative.ca\/International\/wp-json\/wp\/v2\/posts\/142494","targetHints":{"allow":["GET"]}}],"collection":[{"href":"https:\/\/linitiative.ca\/International\/wp-json\/wp\/v2\/posts"}],"about":[{"href":"https:\/\/linitiative.ca\/International\/wp-json\/wp\/v2\/types\/post"}],"author":[{"embeddable":true,"href":"https:\/\/linitiative.ca\/International\/wp-json\/wp\/v2\/users\/1816"}],"replies":[{"embeddable":true,"href":"https:\/\/linitiative.ca\/International\/wp-json\/wp\/v2\/comments?post=142494"}],"version-history":[{"count":0,"href":"https:\/\/linitiative.ca\/International\/wp-json\/wp\/v2\/posts\/142494\/revisions"}],"wp:attachment":[{"href":"https:\/\/linitiative.ca\/International\/wp-json\/wp\/v2\/media?parent=142494"}],"wp:term":[{"taxonomy":"category","embeddable":true,"href":"https:\/\/linitiative.ca\/International\/wp-json\/wp\/v2\/categories?post=142494"},{"taxonomy":"post_tag","embeddable":true,"href":"https:\/\/linitiative.ca\/International\/wp-json\/wp\/v2\/tags?post=142494"}],"curies":[{"name":"wp","href":"https:\/\/api.w.org\/{rel}","templated":true}]}}