{"id":142496,"date":"2022-03-05T18:18:03","date_gmt":"2022-03-05T23:18:03","guid":{"rendered":"https:\/\/linitiative.ca\/International\/maroc-ram-lance-de-nouveaux-vols-speciaux-en-faveur-des-marocains-etablis-en-ukraine\/"},"modified":"2022-03-05T18:18:03","modified_gmt":"2022-03-05T23:18:03","slug":"maroc-ram-lance-de-nouveaux-vols-speciaux-en-faveur-des-marocains-etablis-en-ukraine","status":"publish","type":"post","link":"https:\/\/linitiative.ca\/International\/maroc-ram-lance-de-nouveaux-vols-speciaux-en-faveur-des-marocains-etablis-en-ukraine\/","title":{"rendered":"Maroc: RAM lance de nouveaux vols sp\u00e9ciaux en faveur des Marocains \u00e9tablis en Ukraine"},"content":{"rendered":"<div>\n<p><img decoding=\"async\" width=\"284\" height=\"177\" src=\"https:\/\/linitiative.ca\/International\/wp-content\/uploads\/sites\/23\/2022\/03\/16465222837205.jpg\" class=\"attachment-post-thumbnail size-post-thumbnail wp-post-image\" alt=\"\" loading=\"lazy\"><\/p>\n<p>La compagnie a\u00e9rienne marocaine, Royal Air Maroc (RAM) a annonc\u00e9, samedi, le lancement de nouveaux vols sp\u00e9ciaux en faveur des Marocains \u00e9tablis en Ukraine.Ces vols seront op\u00e9r\u00e9s les 07 et 08 mars 2022, au d\u00e9part de Budapest (Hongrie) \u00e0 destination de Casablanca au m\u00eame tarif fixe de 750 dirhams TTC (1 euro = 10,6 DH), fait savoir la m\u00eame source dans un tweet.<\/p>\n<p>Les billets sont disponibles \u00e0 la vente sur le site Internet de la compagnie nationale, pr\u00e9cise-t-on.<\/p>\n<p>Ces nouveaux vols viennent s&rsquo;ajouter \u00e0 d&rsquo;autres annonc\u00e9s, ant\u00e9rieurement, par le transporteur national pour les 3 et 4 mars au d\u00e9part de Bratislava, Bucarest et Budapest vers Casablanca et \u00e0 d&rsquo;autres vols programm\u00e9s au d\u00e9part de Bucarest, de Budapest et de Varsovie \u00e0 destination de la capitale \u00e9conomique du Royaume.<\/p>\n<p>La RAM avait assur\u00e9 avoir mis en place, en concertation avec les autorit\u00e9s marocaines, des vols sp\u00e9ciaux en faveur de la communaut\u00e9 marocaine \u00e9tablie en Ukraine, majoritairement compos\u00e9e d&rsquo;\u00e9tudiants, pr\u00e9cisant que ces vols sont exclusivement r\u00e9serv\u00e9s aux Marocains d&rsquo;Ukraine et aux membres de leurs familles.<\/p>\n<p>Cet article <a rel=\"nofollow\" href=\"https:\/\/www.journalducameroun.com\/maroc-ram-lance-de-nouveaux-vols-speciaux-en-faveur-des-marocains-etablis-en-ukraine\/\">Maroc: RAM lance de nouveaux vols sp\u00e9ciaux en faveur des Marocains \u00e9tablis en Ukraine<\/a> est apparu en premier sur <a rel=\"nofollow\" href=\"https:\/\/www.journalducameroun.com\/\">Journal du Cameroun<\/a>.<\/p>\n<\/div>\n<p>Auteur: APA News<br \/>\n<a href=\"https:\/\/www.journalducameroun.com\/maroc-ram-lance-de-nouveaux-vols-speciaux-en-faveur-des-marocains-etablis-en-ukraine\/\">Cliquez ici pour lire l&rsquo;article depuis sa source.<\/a><\/p>\n","protected":false},"excerpt":{"rendered":"<p>La compagnie a\u00e9rienne marocaine, Royal Air Maroc (RAM) a annonc\u00e9, samedi, le lancement de nouveaux vols sp\u00e9ciaux en faveur des Marocains \u00e9tablis en Ukraine.Ces vols seront op\u00e9r\u00e9s les 07 et 08 mars 2022, au d\u00e9part de Budapest (Hongrie) \u00e0 destination de Casablanca au m\u00eame tarif fixe de 750 dirhams TTC (1 euro = 10,6 DH), [&hellip;]<\/p>\n","protected":false},"author":1965,"featured_media":0,"comment_status":"closed","ping_status":"closed","sticky":false,"template":"","format":"standard","meta":{"fifu_image_url":"https:\/\/www.journalducameroun.com\/wp-content\/uploads\/2022\/03\/16465222837205.jpg","fifu_image_alt":"Maroc: RAM lance de nouveaux vols sp\u00e9ciaux en faveur des Marocains \u00e9tablis en Ukraine","footnotes":""},"categories":[73,82],"tags":[],"class_list":["post-142496","post","type-post","status-publish","format-standard","hentry","category-actualite","category-cameroun"],"_links":{"self":[{"href":"https:\/\/linitiative.ca\/International\/wp-json\/wp\/v2\/posts\/142496","targetHints":{"allow":["GET"]}}],"collection":[{"href":"https:\/\/linitiative.ca\/International\/wp-json\/wp\/v2\/posts"}],"about":[{"href":"https:\/\/linitiative.ca\/International\/wp-json\/wp\/v2\/types\/post"}],"author":[{"embeddable":true,"href":"https:\/\/linitiative.ca\/International\/wp-json\/wp\/v2\/users\/1965"}],"replies":[{"embeddable":true,"href":"https:\/\/linitiative.ca\/International\/wp-json\/wp\/v2\/comments?post=142496"}],"version-history":[{"count":0,"href":"https:\/\/linitiative.ca\/International\/wp-json\/wp\/v2\/posts\/142496\/revisions"}],"wp:attachment":[{"href":"https:\/\/linitiative.ca\/International\/wp-json\/wp\/v2\/media?parent=142496"}],"wp:term":[{"taxonomy":"category","embeddable":true,"href":"https:\/\/linitiative.ca\/International\/wp-json\/wp\/v2\/categories?post=142496"},{"taxonomy":"post_tag","embeddable":true,"href":"https:\/\/linitiative.ca\/International\/wp-json\/wp\/v2\/tags?post=142496"}],"curies":[{"name":"wp","href":"https:\/\/api.w.org\/{rel}","templated":true}]}}