{"id":142498,"date":"2022-03-05T18:18:03","date_gmt":"2022-03-05T23:18:03","guid":{"rendered":"https:\/\/linitiative.ca\/International\/le-maroc-abritera-la-2eme-edition-de-la-coupe-dafrique-scolaire\/"},"modified":"2022-03-05T18:18:03","modified_gmt":"2022-03-05T23:18:03","slug":"le-maroc-abritera-la-2eme-edition-de-la-coupe-dafrique-scolaire","status":"publish","type":"post","link":"https:\/\/linitiative.ca\/International\/le-maroc-abritera-la-2eme-edition-de-la-coupe-dafrique-scolaire\/","title":{"rendered":"Le Maroc abritera la 2\u00e8me\u00a0\u00e9dition de la Coupe d\u2019Afrique scolaire"},"content":{"rendered":"<div>\n<p><img decoding=\"async\" width=\"1280\" height=\"720\" src=\"https:\/\/linitiative.ca\/International\/wp-content\/uploads\/sites\/23\/2022\/03\/16465222837441.jpg\" class=\"attachment-post-thumbnail size-post-thumbnail wp-post-image\" alt=\"\" loading=\"lazy\" srcset=\"https:\/\/linitiative.ca\/International\/wp-content\/uploads\/sites\/23\/2022\/03\/16465222837441.jpg 1280w, https:\/\/www.journalducameroun.com\/wp-content\/uploads\/2022\/03\/16465222837441-300x169.jpg 300w, https:\/\/www.journalducameroun.com\/wp-content\/uploads\/2022\/03\/16465222837441-1024x576.jpg 1024w, https:\/\/www.journalducameroun.com\/wp-content\/uploads\/2022\/03\/16465222837441-768x432.jpg 768w, https:\/\/www.journalducameroun.com\/wp-content\/uploads\/2022\/03\/16465222837441-780x440.jpg 780w, https:\/\/www.journalducameroun.com\/wp-content\/uploads\/2022\/03\/16465222837441-380x215.jpg 380w, https:\/\/www.journalducameroun.com\/wp-content\/uploads\/2022\/03\/16465222837441-160x90.jpg 160w, https:\/\/www.journalducameroun.com\/wp-content\/uploads\/2022\/03\/16465222837441-240x135.jpg 240w, https:\/\/www.journalducameroun.com\/wp-content\/uploads\/2022\/03\/16465222837441-782x440.jpg 782w, https:\/\/www.journalducameroun.com\/wp-content\/uploads\/2022\/03\/16465222837441-600x338.jpg 600w\" sizes=\"auto, (max-width: 1280px) 100vw, 1280px\"><\/p>\n<p>Le Maroc abritera la 2\u00e8me\u00a0\u00e9dition de la Coupe d&rsquo;Afrique scolaire, a annonc\u00e9 samedi, le pr\u00e9sident de la F\u00e9d\u00e9ration royale marocaine de football, Fouzi Lekjaa.Lors d&rsquo;une c\u00e9r\u00e9monie organis\u00e9e, \u00e0 Casablanca en l&rsquo;honneur de l&rsquo;\u00e9quipe nationale f\u00e9minine de football scolaire, championne d&rsquo;Afrique, M. Lekjaa a not\u00e9 que les r\u00e9sultats obtenus incarnent le succ\u00e8s de la fili\u00e8re \u00ab sport et \u00e9tude\u00bb sur laquelle a mis\u00e9 l&rsquo;instance f\u00e9d\u00e9rale et le minist\u00e8re de l&rsquo;\u00c9ducation nationale, du pr\u00e9scolaire et des sports.<\/p>\n<p>\u00c0 cette occasion, le ministre de l&rsquo;\u00c9ducation nationale, du pr\u00e9scolaire et des sports, pr\u00e9sident de la F\u00e9d\u00e9ration royale marocaine du sport scolaire, Chakib Benmoussa, et Fouzi Lekjaa, ont pr\u00e9sid\u00e9 la c\u00e9r\u00e9monie de signature d&rsquo;une convention de partenariat et de coop\u00e9ration.<\/p>\n<p>Elle concerne la promotion du sport scolaire dans le domaine du football et la mise en place de cursus et fili\u00e8res sport-\u00e9tude consacr\u00e9s au football en g\u00e9n\u00e9ral et f\u00e9minin en particulier.<\/p>\n<p>Cet article <a rel=\"nofollow\" href=\"https:\/\/www.journalducameroun.com\/le-maroc-abritera-la-2eme-edition-de-la-coupe-dafrique-scolaire\/\">Le Maroc abritera la 2\u00e8me\u00a0\u00e9dition de la Coupe d\u2019Afrique scolaire<\/a> est apparu en premier sur <a rel=\"nofollow\" href=\"https:\/\/www.journalducameroun.com\/\">Journal du Cameroun<\/a>.<\/p>\n<\/div>\n<p>Auteur: APA News<br \/>\n<a href=\"https:\/\/www.journalducameroun.com\/le-maroc-abritera-la-2eme-edition-de-la-coupe-dafrique-scolaire\/\">Cliquez ici pour lire l&rsquo;article depuis sa source.<\/a><\/p>\n","protected":false},"excerpt":{"rendered":"<p>Le Maroc abritera la 2\u00e8me\u00a0\u00e9dition de la Coupe d&rsquo;Afrique scolaire, a annonc\u00e9 samedi, le pr\u00e9sident de la F\u00e9d\u00e9ration royale marocaine de football, Fouzi Lekjaa.Lors d&rsquo;une c\u00e9r\u00e9monie organis\u00e9e, \u00e0 Casablanca en l&rsquo;honneur de l&rsquo;\u00e9quipe nationale f\u00e9minine de football scolaire, championne d&rsquo;Afrique, M. Lekjaa a not\u00e9 que les r\u00e9sultats obtenus incarnent le succ\u00e8s de la fili\u00e8re \u00ab [&hellip;]<\/p>\n","protected":false},"author":1965,"featured_media":0,"comment_status":"closed","ping_status":"closed","sticky":false,"template":"","format":"standard","meta":{"fifu_image_url":"https:\/\/www.journalducameroun.com\/wp-content\/uploads\/2022\/03\/16465222837441.jpg","fifu_image_alt":"Le Maroc abritera la 2\u00e8me\u00a0\u00e9dition de la Coupe d\u2019Afrique scolaire","footnotes":""},"categories":[73,82],"tags":[],"class_list":["post-142498","post","type-post","status-publish","format-standard","hentry","category-actualite","category-cameroun"],"_links":{"self":[{"href":"https:\/\/linitiative.ca\/International\/wp-json\/wp\/v2\/posts\/142498","targetHints":{"allow":["GET"]}}],"collection":[{"href":"https:\/\/linitiative.ca\/International\/wp-json\/wp\/v2\/posts"}],"about":[{"href":"https:\/\/linitiative.ca\/International\/wp-json\/wp\/v2\/types\/post"}],"author":[{"embeddable":true,"href":"https:\/\/linitiative.ca\/International\/wp-json\/wp\/v2\/users\/1965"}],"replies":[{"embeddable":true,"href":"https:\/\/linitiative.ca\/International\/wp-json\/wp\/v2\/comments?post=142498"}],"version-history":[{"count":0,"href":"https:\/\/linitiative.ca\/International\/wp-json\/wp\/v2\/posts\/142498\/revisions"}],"wp:attachment":[{"href":"https:\/\/linitiative.ca\/International\/wp-json\/wp\/v2\/media?parent=142498"}],"wp:term":[{"taxonomy":"category","embeddable":true,"href":"https:\/\/linitiative.ca\/International\/wp-json\/wp\/v2\/categories?post=142498"},{"taxonomy":"post_tag","embeddable":true,"href":"https:\/\/linitiative.ca\/International\/wp-json\/wp\/v2\/tags?post=142498"}],"curies":[{"name":"wp","href":"https:\/\/api.w.org\/{rel}","templated":true}]}}