{"id":142500,"date":"2022-03-05T18:18:03","date_gmt":"2022-03-05T23:18:03","guid":{"rendered":"https:\/\/linitiative.ca\/International\/maroc-akhannouch-rempile-pour-un-second-mandat-a-la-tete-du-rni\/"},"modified":"2022-03-05T18:18:03","modified_gmt":"2022-03-05T23:18:03","slug":"maroc-akhannouch-rempile-pour-un-second-mandat-a-la-tete-du-rni","status":"publish","type":"post","link":"https:\/\/linitiative.ca\/International\/maroc-akhannouch-rempile-pour-un-second-mandat-a-la-tete-du-rni\/","title":{"rendered":"Maroc : Akhannouch rempile pour un second mandat \u00e0 la t\u00eate du RNI"},"content":{"rendered":"<div>\n<p><img decoding=\"async\" width=\"750\" height=\"430\" src=\"https:\/\/linitiative.ca\/International\/wp-content\/uploads\/sites\/23\/2022\/03\/16465222831884.jpg\" class=\"attachment-post-thumbnail size-post-thumbnail wp-post-image\" alt=\"\" loading=\"lazy\" srcset=\"https:\/\/linitiative.ca\/International\/wp-content\/uploads\/sites\/23\/2022\/03\/16465222831884.jpg 750w, https:\/\/www.journalducameroun.com\/wp-content\/uploads\/2022\/03\/16465222831884-300x172.jpg 300w, https:\/\/www.journalducameroun.com\/wp-content\/uploads\/2022\/03\/16465222831884-350x200.jpg 350w, https:\/\/www.journalducameroun.com\/wp-content\/uploads\/2022\/03\/16465222831884-600x344.jpg 600w\" sizes=\"auto, (max-width: 750px) 100vw, 750px\"><\/p>\n<p>L&rsquo;actuel chef du gouvernement marocain, Aziz Akhannouch a \u00e9t\u00e9 r\u00e9\u00e9lu \u00e0 l&rsquo;unanimit\u00e9, samedi \u00e0 Rabat, pr\u00e9sident du Rassemblement national des ind\u00e9pendants (RNI) pour un nouveau mandat, \u00e0 l&rsquo;issue du 7\u00e8me congr\u00e8s national du parti tenu sous le signe \u00ab\u00a0La voie du d\u00e9veloppement\u00a0\u00bb.Candidat unique pour la pr\u00e9sidence du RNI, Akhannouch a \u00e9t\u00e9 r\u00e9\u00e9lu par 2548 voix.<\/p>\n<p>Dans une allocution de circonstance, M. Akhannouch s&rsquo;est \u00a0dit conscient du poids de la responsabilit\u00e9 qui lui incombe \u00e0 nouveau, estimant que les r\u00e9sultats de ce congr\u00e8s sont le fruit du travail effectu\u00e9 au cours des cinq derni\u00e8res ann\u00e9es ayant conf\u00e9r\u00e9 une position avanc\u00e9e au parti.<\/p>\n<p>Il a relev\u00e9 que cette confiance \u00ab\u00a0donnera un nouveau souffle \u00e0 la poursuite de la dynamique actuelle au sein du parti au cours des ann\u00e9es \u00e0 venir, l&rsquo;objectif \u00e9tant de toujours atteindre les meilleurs r\u00e9sultats, poursuivre la communication avec les citoyens, travailler avec s\u00e9rieux, et de trouver les solutions \u00e0 travers l&rsquo;\u00e9change transparent et int\u00e8gre avec les citoyens\u00a0\u00bb.<\/p>\n<p>Akhannouch a soutenu que le Maroc dispose de tous les atouts de la r\u00e9ussite, faisant observer que \u00ab\u00a0si certains mois \u00e9taient difficiles, nous sommes pr\u00eats \u00e0 \u0153uvrer pour aller de l&rsquo;avant, \u00e0 travers la poursuite du travail s\u00e9rieux sur le programme gouvernemental et la mise en \u0153uvre de l&rsquo;ensemble des grands programmes.<\/p>\n<p>Le 7\u00e8me congr\u00e8s du RNI s&rsquo;est tenu les 4 et 5 mars en format hybride (pr\u00e9sentiel et visioconf\u00e9rence), \u00e0 travers une plateforme principale et 13 plateformes r\u00e9gionales, outre une plateforme \u00e0 l&rsquo;\u00e9tranger permettant de suivre les travaux.<\/p>\n<p>Pour rappel, le RNI a remport\u00e9 les \u00e9lections l\u00e9gislatives de septembre 2021, mettant fin ainsi \u00e0 une domination d\u00e9cennale du parti Justice et D\u00e9veloppement \u00a0(PJD), qui a essuy\u00e9 une cuisante d\u00e9faite lors de ce scrutin.<\/p>\n<p>Cet article <a rel=\"nofollow\" href=\"https:\/\/www.journalducameroun.com\/maroc-akhannouch-rempile-pour-un-second-mandat-a-la-tete-du-rni\/\">Maroc : Akhannouch rempile pour un second mandat \u00e0 la t\u00eate du RNI<\/a> est apparu en premier sur <a rel=\"nofollow\" href=\"https:\/\/www.journalducameroun.com\/\">Journal du Cameroun<\/a>.<\/p>\n<\/div>\n<p>Auteur: APA News<br \/>\n<a href=\"https:\/\/www.journalducameroun.com\/maroc-akhannouch-rempile-pour-un-second-mandat-a-la-tete-du-rni\/\">Cliquez ici pour lire l&rsquo;article depuis sa source.<\/a><\/p>\n","protected":false},"excerpt":{"rendered":"<p>L&rsquo;actuel chef du gouvernement marocain, Aziz Akhannouch a \u00e9t\u00e9 r\u00e9\u00e9lu \u00e0 l&rsquo;unanimit\u00e9, samedi \u00e0 Rabat, pr\u00e9sident du Rassemblement national des ind\u00e9pendants (RNI) pour un nouveau mandat, \u00e0 l&rsquo;issue du 7\u00e8me congr\u00e8s national du parti tenu sous le signe \u00ab\u00a0La voie du d\u00e9veloppement\u00a0\u00bb.Candidat unique pour la pr\u00e9sidence du RNI, Akhannouch a \u00e9t\u00e9 r\u00e9\u00e9lu par 2548 voix. [&hellip;]<\/p>\n","protected":false},"author":1965,"featured_media":0,"comment_status":"closed","ping_status":"closed","sticky":false,"template":"","format":"standard","meta":{"fifu_image_url":"https:\/\/www.journalducameroun.com\/wp-content\/uploads\/2022\/03\/16465222831884.jpg","fifu_image_alt":"Maroc : Akhannouch rempile pour un second mandat \u00e0 la t\u00eate du RNI","footnotes":""},"categories":[73,82],"tags":[],"class_list":["post-142500","post","type-post","status-publish","format-standard","hentry","category-actualite","category-cameroun"],"_links":{"self":[{"href":"https:\/\/linitiative.ca\/International\/wp-json\/wp\/v2\/posts\/142500","targetHints":{"allow":["GET"]}}],"collection":[{"href":"https:\/\/linitiative.ca\/International\/wp-json\/wp\/v2\/posts"}],"about":[{"href":"https:\/\/linitiative.ca\/International\/wp-json\/wp\/v2\/types\/post"}],"author":[{"embeddable":true,"href":"https:\/\/linitiative.ca\/International\/wp-json\/wp\/v2\/users\/1965"}],"replies":[{"embeddable":true,"href":"https:\/\/linitiative.ca\/International\/wp-json\/wp\/v2\/comments?post=142500"}],"version-history":[{"count":0,"href":"https:\/\/linitiative.ca\/International\/wp-json\/wp\/v2\/posts\/142500\/revisions"}],"wp:attachment":[{"href":"https:\/\/linitiative.ca\/International\/wp-json\/wp\/v2\/media?parent=142500"}],"wp:term":[{"taxonomy":"category","embeddable":true,"href":"https:\/\/linitiative.ca\/International\/wp-json\/wp\/v2\/categories?post=142500"},{"taxonomy":"post_tag","embeddable":true,"href":"https:\/\/linitiative.ca\/International\/wp-json\/wp\/v2\/tags?post=142500"}],"curies":[{"name":"wp","href":"https:\/\/api.w.org\/{rel}","templated":true}]}}