{"id":142503,"date":"2022-03-06T08:46:08","date_gmt":"2022-03-06T13:46:08","guid":{"rendered":"https:\/\/linitiative.ca\/International\/port-de-douala-les-operations-de-deguerpissement-effectives-depuis-ce-5-mars-2022\/"},"modified":"2022-03-06T08:46:08","modified_gmt":"2022-03-06T13:46:08","slug":"port-de-douala-les-operations-de-deguerpissement-effectives-depuis-ce-5-mars-2022","status":"publish","type":"post","link":"https:\/\/linitiative.ca\/International\/port-de-douala-les-operations-de-deguerpissement-effectives-depuis-ce-5-mars-2022\/","title":{"rendered":"Port de Douala\u00a0: les op\u00e9rations de d\u00e9guerpissement effectives depuis ce 5 mars 2022"},"content":{"rendered":"<div>\n<p>C\u2019est d\u00e9sormais lanc\u00e9. Le grand chantier d\u2019am\u00e9nagement\u00a0des voies de contournement et de desserte en zone aval du domaine public portuaire ont d\u00e9marr\u00e9 ce 5 mars 2022. Sur le terrain, les engins lourds mobilis\u00e9s par le Port autonome de Douala ont proc\u00e9d\u00e9 \u00e0 la destruction compl\u00e8te des constructions ill\u00e9gales \u00e9rig\u00e9es sur le domaine portuaire. Pr\u00e9cis\u00e9ment dans la zone d\u2019Essengue: boutiques, maisons, ateliers, et autres immeubles ont \u00e9t\u00e9 ras\u00e9s. Cette op\u00e9ration survient apr\u00e8s un long processus \u00e9tabli \u00eatre l\u2019administration du Port autonome de Douala, \u00a0les occupants de ce site (plus de 1500 familles), et la Communaut\u00e9 Bonanjo.\u00a0<\/p>\n<p><strong>Lire aussi : <a href=\"https:\/\/ecomatin.net\/port-de-douala-fin-de-sursis-pour-les-occupants-s-illegaux-du-quartier-essengue\/\">Port de Douala\u00a0: fin de sursis pour les occupants ill\u00e9gaux du quartier Essengue<\/a><\/strong><\/p>\n<p>Plusieurs concertations ont, en effet, r\u00e9unis ces trois parties, sous la supervision des autorit\u00e9s administratives du D\u00e9partement du Wouri. Les populations recens\u00e9es ont ainsi pu b\u00e9n\u00e9ficier de l\u2019accompagnement du Port autonome de Douala, ainsi que des garanties de l\u2019\u00c9tat du Cameroun. Pourtant, ce 5 mars 2022, des r\u00e9sistances ont \u00e9t\u00e9 observ\u00e9es lors de l\u2019op\u00e9ration de d\u00e9guerpissement. Malgr\u00e9, les communiqu\u00e9s r\u00e9p\u00e9titifs et les campagnes de sensibilisation men\u00e9es par les autorit\u00e9s du Port autonome de Douala, plusieurs personnes sont demeur\u00e9es sur le site. Ce qui n\u2019a pas emp\u00each\u00e9 les casses en pr\u00e9sence des forces du maintien de l\u2019ordre.<\/p>\n<p><strong>Lire aussi :<\/strong> <strong><a href=\"https:\/\/ecomatin.net\/douala-44-milliards-pour-la-seconde-phase-du-projet-de-drainage-pluvial\/\">Douala : 4,4 milliards pour la seconde phase du projet de drainage pluvial\u00a0<\/a><\/strong><\/p>\n<p>La consistance des travaux \u00e0 engager par le Port autonome de Douala pour portent sur l\u2019am\u00e9lioration de\u00a0la voirie interne, l\u2019optimisation de la \u00a0afin de fluidit\u00e9 du trafic portuaire, la construction de nouvelles aires de stockage et des magasins, mais \u00e9galement, \u00abla cr\u00e9ation de nombreuses entreprises cr\u00e9atrices d\u2019emplois\u00bb, indique-t-on au Port autonome de Douala. Toujours dans le cadre du programme de modernisation du port de Douala-Bonaberi, le Pad pr\u00e9voit par ailleurs\u00a0l\u2019extension du terminal \u00e0 conteneurs, la cr\u00e9ation d\u2019un nouveau parc \u00e0 v\u00e9hicules s\u00e9curis\u00e9, l\u2019am\u00e9nagement des zones d\u2019attente de camions, la cr\u00e9ation d\u2019une nouvelle zone urbano-portuaire, et une zone tampon entre la ville et le port.<\/p>\n<p><strong>Lire aussi :<\/strong> <strong><a href=\"https:\/\/ecomatin.net\/scandale-foncier-300-hectares-de-terrain-divisent-la-communaute-bonanjo\/\">Scandale foncier : 300 hectares de terrain divisent la communaut\u00e9 Bonanjo<\/a><\/strong><\/p>\n<p>Ce vaste projet n\u2019a pu se concr\u00e9tiser que par la s\u00e9curisation du domaine portuaire. Une op\u00e9ration d\u00e9marr\u00e9e en 2015, avec l\u2019accompagnement du Minist\u00e8re du cadastre et des affaires fonci\u00e8res (Mindcaf). Le processus a abouti \u00e0 la pose de\u00a0des affaires fonci\u00e8res, l\u2019implantation de 100 bornes et 20 balises g\u00e9antes, marquant les d\u00e9limitations r\u00e9elles du domaine portuaire. Le Port de Douala-Bonaberi s\u2019\u00e9tend officiellement sur 1000 hectares. Seulement 60% de cette aire est en exploitation. D\u2019o\u00f9 ce processus de s\u00e9curisation et d\u2019extension lanc\u00e9e par les autorit\u00e9s du Port autonome de Douala.<\/p>\n<p>L\u2019article <a rel=\"nofollow\" href=\"https:\/\/ecomatin.net\/port-de-douala-les-operations-de-deguerpissement-effectives-depuis-ce-5-mars-2022\/\">Port de Douala\u00a0: les op\u00e9rations de d\u00e9guerpissement effectives depuis ce 5 mars 2022<\/a> est apparu en premier sur <a rel=\"nofollow\" href=\"https:\/\/ecomatin.net\/\">EcoMatin<\/a>.<\/p>\n<\/div>\n<p>Auteur: Georges Semey<br \/>\n<a href=\"https:\/\/ecomatin.net\/port-de-douala-les-operations-de-deguerpissement-effectives-depuis-ce-5-mars-2022\/\">Cliquez ici pour lire l&rsquo;article depuis sa source.<\/a><\/p>\n","protected":false},"excerpt":{"rendered":"<p>C\u2019est d\u00e9sormais lanc\u00e9. Le grand chantier d\u2019am\u00e9nagement\u00a0des voies de contournement et de desserte en zone aval du domaine public portuaire ont d\u00e9marr\u00e9 ce 5 mars 2022. Sur le terrain, les engins lourds mobilis\u00e9s par le Port autonome de Douala ont proc\u00e9d\u00e9 \u00e0 la destruction compl\u00e8te des constructions ill\u00e9gales \u00e9rig\u00e9es sur le domaine portuaire. Pr\u00e9cis\u00e9ment dans [&hellip;]<\/p>\n","protected":false},"author":1969,"featured_media":0,"comment_status":"closed","ping_status":"closed","sticky":false,"template":"","format":"standard","meta":{"fifu_image_url":"","fifu_image_alt":"","footnotes":""},"categories":[82,78],"tags":[],"class_list":["post-142503","post","type-post","status-publish","format-standard","hentry","category-cameroun","category-economie"],"_links":{"self":[{"href":"https:\/\/linitiative.ca\/International\/wp-json\/wp\/v2\/posts\/142503","targetHints":{"allow":["GET"]}}],"collection":[{"href":"https:\/\/linitiative.ca\/International\/wp-json\/wp\/v2\/posts"}],"about":[{"href":"https:\/\/linitiative.ca\/International\/wp-json\/wp\/v2\/types\/post"}],"author":[{"embeddable":true,"href":"https:\/\/linitiative.ca\/International\/wp-json\/wp\/v2\/users\/1969"}],"replies":[{"embeddable":true,"href":"https:\/\/linitiative.ca\/International\/wp-json\/wp\/v2\/comments?post=142503"}],"version-history":[{"count":0,"href":"https:\/\/linitiative.ca\/International\/wp-json\/wp\/v2\/posts\/142503\/revisions"}],"wp:attachment":[{"href":"https:\/\/linitiative.ca\/International\/wp-json\/wp\/v2\/media?parent=142503"}],"wp:term":[{"taxonomy":"category","embeddable":true,"href":"https:\/\/linitiative.ca\/International\/wp-json\/wp\/v2\/categories?post=142503"},{"taxonomy":"post_tag","embeddable":true,"href":"https:\/\/linitiative.ca\/International\/wp-json\/wp\/v2\/tags?post=142503"}],"curies":[{"name":"wp","href":"https:\/\/api.w.org\/{rel}","templated":true}]}}