{"id":142504,"date":"2022-03-06T13:06:19","date_gmt":"2022-03-06T18:06:19","guid":{"rendered":"https:\/\/linitiative.ca\/International\/decentralisation-les-communes-du-littoral-et-du-sud-ouest-outillees-au-contrat-plan-etat-commune\/"},"modified":"2022-03-06T13:06:19","modified_gmt":"2022-03-06T18:06:19","slug":"decentralisation-les-communes-du-littoral-et-du-sud-ouest-outillees-au-contrat-plan-etat-commune","status":"publish","type":"post","link":"https:\/\/linitiative.ca\/International\/decentralisation-les-communes-du-littoral-et-du-sud-ouest-outillees-au-contrat-plan-etat-commune\/","title":{"rendered":"D\u00e9centralisation\u00a0: les communes du Littoral et du Sud-ouest outill\u00e9es au Contrat-Plan \u00c9tat\/Commune"},"content":{"rendered":"<div>\n<p>C\u2019est la Mairie de Lagdo, Arrondissement de la Benoue, dans la R\u00e9gion du Nord que la phase pilote du\u00a0Contrat-Plan Etat\/Commune par le Minist\u00e8re de l\u2019\u00e9conomie, du plan et de l\u2019am\u00e9nagement du territoire (Minepat). D\u00e9fini comme \u00e9tant un\u00a0outil de planification qui fixe le cadre de coop\u00e9ration\u00a0entre l\u2019Etat et la\u00a0Commune pour la r\u00e9alisation d\u2019objectifs essentiellement adoss\u00e9s sur le Plan Communal de D\u00e9veloppement, le tout premier \u00a0Contrat-Plan \u00c9tat\/Commune a permis de r\u00e9aliser deux principaux projets. Il s\u2019agit de l\u2019\u00e9lectrification de 16 localit\u00e9s de cette commune, pour un montant de pr\u00e8s de 1,7 milliards de FCFA, et la r\u00e9habilitation de la voirie de la ville de Lagdo\u00a0pour une enveloppe d\u2019environ 3 milliards\u00a0de FCFA. Soit un total cumul\u00e9 d\u2019environ 4,7 milliards de FCFA.<\/p>\n<p>Le Minepat envisage vulgariser l\u2019exp\u00e9rience de Lagdo dans les autres collectivit\u00e9s territoriales d\u00e9centralis\u00e9es du Cameroun. Pour y parvenir, des ateliers inter-r\u00e9gionaux de vulgarisation de ce mode de partenariat sont organis\u00e9s par le Minist\u00e8re de l\u2019\u00e9conomie, du plan et de l\u2019am\u00e9nagement du territoire. Les collectivit\u00e9s territoriales d\u00e9centralis\u00e9es des r\u00e9gions du \u00a0Littoral et du Sud-ouest ont \u00e9t\u00e9 impr\u00e9gn\u00e9s sur les contours du\u00a0Contrat-Plan Etat\/Commune. Les communes de Ngwei, Douala Mbongue, Limbe l, Douala 3, Yingui, Mundemba, Douala 4, Tombel ou Eyoumodjock ont particip\u00e9 au 4\u00e8me atelier de vulgarisation de cet outil de planification, apr\u00e8s les sessions d\u2019Ebolowa, Garoua et Bafoussam. \u00a0<\/p>\n<p>\u00abAu regard de l\u2019exp\u00e9rience pilote de la Municipalit\u00e9 de Lagdo, il a paru opportun de vulgariser cet instrument afin de susciter l\u2019\u00e9mulation des magistrats municipaux que vous \u00eates. Il importe de relever que les municipalit\u00e9s invit\u00e9es \u00e0 ces \u00e9changes ont \u00e9t\u00e9 s\u00e9lectionn\u00e9es sur la base du guichet Performance du Programme National de D\u00e9veloppement\u00a0Participatif (PNDP). C\u2019est un guichet qui instaure la comp\u00e9tition entre les Communes d\u2019une m\u00eame R\u00e9gion, dans l\u2019optique d\u2019inciter \u00e0 la performance et \u00e0 l\u2019am\u00e9lioration de la gestion budg\u00e9taire et comptable et \u00e0 la gouvernance locale\u00bb, a indiqu\u00e9 le Directeur du plan et de l\u2019am\u00e9nagement du territoire du Minepat, \u00e0 cette occasion.\u00a0<\/p>\n<p><strong>Lire aussi :<\/strong> <strong><a href=\"https:\/\/ecomatin.net\/le-minepat-vulgarise-le-contrat-plan-etat-commune-aupres-des-elus-de-louest-et-du-nord-ouest\/\">Le Minepat vulgarise le contrat plan Etat-commune aupr\u00e8s des \u00e9lus de l\u2019Ouest et du Nord-Ouest<\/a><\/strong><\/p>\n<p><strong>Financements<\/strong><\/p>\n<p>Maires et conseillers municipaux du Littoral et du Sud-ouest ont ainsi \u00e9t\u00e9 \u00e9difi\u00e9 sur la d\u00e9finition et les proc\u00e9dures d\u2019\u00e9laboration de l\u2019outil Contrat-Plan, le cadre juridique du Contrat-Plan et ses modalit\u00e9s de transfert de comp\u00e9tences, et la passation des march\u00e9s dans le cadre du Contrat-Plan Etat\/Commune. Les travaux ont \u00e9t\u00e9 approfondis dans les th\u00e9matiques portant sur les secteurs\u00a0: rural, infrastructure, eau et \u00e9nergie. \u00abIl s\u2019agit d\u2019un outil important pour le renforcement de la d\u00e9centralisation et pour le d\u00e9veloppement des territoires d\u00e9centralis\u00e9s. C\u2019est un guichet additionnel que l\u2019\u00c9tat met \u00e0 notre disposition pour acc\u00e9der aux sources de financements, car le principal probl\u00e8me des collectivit\u00e9s territoriales d\u00e9centralis\u00e9es reste l\u2019acc\u00e8s aux financements. Douala a surtout besoin des fonds pour l\u2019assainissement et l\u2019am\u00e9nagement du territoire, et les autres communes des financements pour l\u2019eau et l\u2019\u00e9lectricit\u00e9\u00bb, a r\u00e9agi Manfred Njecacal, Pr\u00e9sident des CVUC pour le Littoral.\u00a0<\/p>\n<p>Pour Patrick Aboko, le Pr\u00e9sident CVUC de la R\u00e9gion du Sud-Ouest, \u00abl\u2019opportunit\u00e9 de l\u2019atelier du Minepat tombe opportun\u00e9ment au moment o\u00f9 les collectivit\u00e9s territoriales d\u00e9centralis\u00e9es de cette R\u00e9gion connaissent des difficult\u00e9s financi\u00e8res du fait de la crise s\u00e9curitaire, et ses cons\u00e9quences sur la fiscalit\u00e9 locale\u00bb. Patrick Aboko esp\u00e8re tirer profit de l\u2019exp\u00e9rience de Lagdo et adapter les r\u00e9solutions du s\u00e9minaire de Douala aux r\u00e9alit\u00e9s des communes du Sud-Ouest.<\/p>\n<p>Relevons la pr\u00e9sence de Benjamin Mboutou, le Pr\u00e9fet du Wouri, et du Dr. Roger Mbassa Ndine, le Maire de Douala aux travaux de la quatri\u00e8me \u00e9tape du s\u00e9minaire de vulgarisation du Contrat-Plan destin\u00e9s aux communes du Littoral et du Sud-ouest. Douala constituait \u00e9galement une rampe de lancement pour l\u2019identification des projets susceptibles de faire l\u2019objet de Contrat-Plan, selon une programmation et un financement pluriannuels des op\u00e9rations d\u2019investissements publics inscrites dans le Plan Communal de d\u00e9veloppement et conform\u00e9ment \u00e0 la SND 30.<\/p>\n<p>Lire aussi : <strong><a href=\"https:\/\/ecomatin.net\/decentralisation-53-milliards-fcfa-pour-lelectrification-et-la-rehabilitation-de-la-commune-de-lagdo\/\">Decentralisation: 5,3 milliards FCFA pour l\u2019\u00e9lectrification et la r\u00e9habilitation de la commune de Lagdo<\/a><\/strong><\/p>\n<p>L\u2019article <a rel=\"nofollow\" href=\"https:\/\/ecomatin.net\/decentralisation-les-communes-du-littoral-et-du-sud-ouest-outillees-au-contrat-plan-etat-commune\/\">D\u00e9centralisation\u00a0: les communes du Littoral et du Sud-ouest outill\u00e9es au Contrat-Plan \u00c9tat\/Commune<\/a> est apparu en premier sur <a rel=\"nofollow\" href=\"https:\/\/ecomatin.net\/\">EcoMatin<\/a>.<\/p>\n<\/div>\n<p>Auteur: Georges Semey<br \/>\n<a href=\"https:\/\/ecomatin.net\/decentralisation-les-communes-du-littoral-et-du-sud-ouest-outillees-au-contrat-plan-etat-commune\/\">Cliquez ici pour lire l&rsquo;article depuis sa source.<\/a><\/p>\n","protected":false},"excerpt":{"rendered":"<p>C\u2019est la Mairie de Lagdo, Arrondissement de la Benoue, dans la R\u00e9gion du Nord que la phase pilote du\u00a0Contrat-Plan Etat\/Commune par le Minist\u00e8re de l\u2019\u00e9conomie, du plan et de l\u2019am\u00e9nagement du territoire (Minepat). D\u00e9fini comme \u00e9tant un\u00a0outil de planification qui fixe le cadre de coop\u00e9ration\u00a0entre l\u2019Etat et la\u00a0Commune pour la r\u00e9alisation d\u2019objectifs essentiellement adoss\u00e9s sur [&hellip;]<\/p>\n","protected":false},"author":1969,"featured_media":0,"comment_status":"closed","ping_status":"closed","sticky":false,"template":"","format":"standard","meta":{"fifu_image_url":"","fifu_image_alt":"","footnotes":""},"categories":[82,78],"tags":[],"class_list":["post-142504","post","type-post","status-publish","format-standard","hentry","category-cameroun","category-economie"],"_links":{"self":[{"href":"https:\/\/linitiative.ca\/International\/wp-json\/wp\/v2\/posts\/142504","targetHints":{"allow":["GET"]}}],"collection":[{"href":"https:\/\/linitiative.ca\/International\/wp-json\/wp\/v2\/posts"}],"about":[{"href":"https:\/\/linitiative.ca\/International\/wp-json\/wp\/v2\/types\/post"}],"author":[{"embeddable":true,"href":"https:\/\/linitiative.ca\/International\/wp-json\/wp\/v2\/users\/1969"}],"replies":[{"embeddable":true,"href":"https:\/\/linitiative.ca\/International\/wp-json\/wp\/v2\/comments?post=142504"}],"version-history":[{"count":0,"href":"https:\/\/linitiative.ca\/International\/wp-json\/wp\/v2\/posts\/142504\/revisions"}],"wp:attachment":[{"href":"https:\/\/linitiative.ca\/International\/wp-json\/wp\/v2\/media?parent=142504"}],"wp:term":[{"taxonomy":"category","embeddable":true,"href":"https:\/\/linitiative.ca\/International\/wp-json\/wp\/v2\/categories?post=142504"},{"taxonomy":"post_tag","embeddable":true,"href":"https:\/\/linitiative.ca\/International\/wp-json\/wp\/v2\/tags?post=142504"}],"curies":[{"name":"wp","href":"https:\/\/api.w.org\/{rel}","templated":true}]}}