{"id":142511,"date":"2022-03-07T08:00:15","date_gmt":"2022-03-07T13:00:15","guid":{"rendered":"https:\/\/linitiative.ca\/International\/des-journees-pour-promouvoir-le-commerce-a-tetouan\/"},"modified":"2022-03-07T08:00:15","modified_gmt":"2022-03-07T13:00:15","slug":"des-journees-pour-promouvoir-le-commerce-a-tetouan","status":"publish","type":"post","link":"https:\/\/linitiative.ca\/International\/des-journees-pour-promouvoir-le-commerce-a-tetouan\/","title":{"rendered":"Des journ\u00e9es pour promouvoir le commerce \u00e0 T\u00e9touan"},"content":{"rendered":"<div>\n<p><img loading=\"lazy\" decoding=\"async\" width=\"300\" height=\"153\" src=\"https:\/\/linitiative.ca\/International\/wp-content\/uploads\/sites\/23\/2022\/03\/journeCC81es-Chambre-de-commerce-dindustrie-et-de-services-de-la-reCC81gion-de-Tanger-TeCC81touan-Al-Hoceima-CCIS-TTA-et-la-Commune-de-TeCC81touan-300x153-1.jpg\" class=\"attachment-medium size-medium wp-post-image\" alt=\"\" srcset=\"https:\/\/linitiative.ca\/International\/wp-content\/uploads\/sites\/23\/2022\/03\/journeCC81es-Chambre-de-commerce-dindustrie-et-de-services-de-la-reCC81gion-de-Tanger-TeCC81touan-Al-Hoceima-CCIS-TTA-et-la-Commune-de-TeCC81touan-300x153-1.jpg 300w, https:\/\/aujourdhui.ma\/wp-content\/uploads\/2022\/03\/journe\u0301es-Chambre-de-commerce-dindustrie-et-de-services-de-la-re\u0301gion-de-Tanger-Te\u0301touan-Al-Hoceima-CCIS-TTA-et-la-Commune-de-Te\u0301touan-274x140.jpg 274w, https:\/\/aujourdhui.ma\/wp-content\/uploads\/2022\/03\/journe\u0301es-Chambre-de-commerce-dindustrie-et-de-services-de-la-re\u0301gion-de-Tanger-Te\u0301touan-Al-Hoceima-CCIS-TTA-et-la-Commune-de-Te\u0301touan.jpg 746w, https:\/\/aujourdhui.ma\/wp-content\/uploads\/2022\/03\/journe\u0301es-Chambre-de-commerce-dindustrie-et-de-services-de-la-re\u0301gion-de-Tanger-Te\u0301touan-Al-Hoceima-CCIS-TTA-et-la-Commune-de-Te\u0301touan-165x84.jpg 165w, https:\/\/aujourdhui.ma\/wp-content\/uploads\/2022\/03\/journe\u0301es-Chambre-de-commerce-dindustrie-et-de-services-de-la-re\u0301gion-de-Tanger-Te\u0301touan-Al-Hoceima-CCIS-TTA-et-la-Commune-de-Te\u0301touan-702x358.jpg 702w\" sizes=\"auto, (max-width: 300px) 100vw, 300px\"><\/p>\n<p><span style=\"font-size: 20px; color: #800000;\"><strong>Dans le cadre des efforts d\u00e9ploy\u00e9s pour booster les ventes et favoriser les activit\u00e9s commerciales<\/strong><\/span><span id=\"more-401632\"><\/span><\/p>\n<p>La colombe blanche est destin\u00e9e \u00e0 redevenir un haut lieu de commerce avec plus d\u2019animations lui permettant de sortir de la r\u00e9cession, qui p\u00e8se sur son \u00e9conomie locale depuis le d\u00e9but de la pand\u00e9mie. C\u2019est \u00e0 l\u2019occasion de la 13\u00e8me \u00e9dition des journ\u00e9es r\u00e9gionales du commerce, dont l\u2019ouverture officielle s\u2019est faite, vendredi 4 mars, sous le th\u00e8me \u00abPour un nouveau d\u00e9part et une forte dynamique commerciale et touristique dans la r\u00e9gion\u00bb. Initi\u00e9e par la Chambre de commerce, d\u2019industrie et de services de la r\u00e9gion de Tanger-T\u00e9touan-Al Hoceima (CCIS-TTA) et la Commune de T\u00e9touan, cette manifestation annuelle qui se d\u00e9roule sur une p\u00e9riode d\u2019un mois, en collaboration avec les collectivit\u00e9s territoriales de la r\u00e9gion et les services ext\u00e9rieurs et en coordination avec les associations de commer\u00e7ants et de professionnels, est d\u00e9di\u00e9e \u00e0 \u00abla promotion du commerce dans la r\u00e9gion et la lutte contre les effets de la crise de coronavirus\u00bb, a expliqu\u00e9 Abdellatif Afilal, pr\u00e9sident du CCIS-TTA, tout en soulignant l\u2019importance du r\u00f4le de ces journ\u00e9es pour les commer\u00e7ants et les professionnels ainsi que les autres projets et initiatives men\u00e9s par la Chambre pour aider le secteur du commerce \u00e0 reprendre sa force et son dynamisme afin de servir de pilier pour le tissu \u00e9conomique local.<\/p>\n<p>De son c\u00f4t\u00e9, Mustapha Bennaji, vice-pr\u00e9sident du Conseil communal, charg\u00e9 de la gestion des march\u00e9s de proximit\u00e9 \u00e0 T\u00e9touan, a fait part de l\u2019int\u00e9r\u00eat port\u00e9 au commerce en le qualifiant de l\u2019un des piliers fondamentaux de l\u2019\u00e9conomie locale. Il a tenu \u00e0 cette occasion \u00e0 mettre en avant les initiatives et les projets r\u00e9alis\u00e9s ou en cours de r\u00e9alisation visant \u00e0 favoriser la relance de l\u2019\u00e9conomie locale. Parmi lesquels, figure l\u2019ouverture de la Zone d\u2019activit\u00e9s \u00e9conomiques de Fnideq qui est destin\u00e9e, selon M. Bennaji, \u00e0 donner une grande dynamique \u00e9conomique \u00e0 la r\u00e9gion. Cette Zone permet \u00abla cr\u00e9ation de pr\u00e8s de 1.000 emplois directs et indirects ainsi que l\u2019am\u00e9lioration de l\u2019attractivit\u00e9 de la destination pour le tourisme interne\u00bb, a-t-il fait savoir, tout en rappelant que la commune est d\u00e9termin\u00e9e avec l\u2019appui de autres partenaires et intervenants \u00e0 continuer, avec l\u2019appui de ses partenaires et intervenants, \u00e0 apporter son soutien au secteur du commerce et de l\u2019aider \u00e0 reprendre pleinement son r\u00f4le dans la promotion de l\u2019activit\u00e9 \u00e9conomique locale dans son ensemble.<\/p>\n<p>Notons qu\u2019\u00e0 l\u2019instar des douze pr\u00e9c\u00e9dentes \u00e9ditions, cette manifestation qui vient renforcer le positionnement de T\u00e9touan comme ville de shopping par excellence gr\u00e2ce \u00e0 sa proximit\u00e9 de plusieurs villes c\u00f4ti\u00e8res et villages de vacances, sera marqu\u00e9e par l\u2019organisation des ateliers de formation en faveur des commer\u00e7ants et professionnels de la r\u00e9gion. Ces ateliers, men\u00e9s en partenariat avec les institutions et les administrations publiques partenaires, portent sur les nouvelles dispositions de la loi de Fnances et des lois relatives aux activit\u00e9s commerciales et les bonnes pratiques pour optimiser la gestion commerciale.<\/p>\n<\/div>\n<p>Auteur: Najat Fa\u00efssal<br \/>\n<a href=\"https:\/\/aujourdhui.ma\/economie\/des-journees-pour-promouvoir-le-commerce-a-tetouan\">Cliquez ici pour lire l&rsquo;article depuis sa source.<\/a><\/p>\n","protected":false},"excerpt":{"rendered":"<p>Dans le cadre des efforts d\u00e9ploy\u00e9s pour booster les ventes et favoriser les activit\u00e9s commerciales La colombe blanche est destin\u00e9e \u00e0 redevenir un haut lieu de commerce avec plus d\u2019animations lui permettant de sortir de la r\u00e9cession, qui p\u00e8se sur son \u00e9conomie locale depuis le d\u00e9but de la pand\u00e9mie. C\u2019est \u00e0 l\u2019occasion de la 13\u00e8me [&hellip;]<\/p>\n","protected":false},"author":1759,"featured_media":0,"comment_status":"closed","ping_status":"closed","sticky":false,"template":"","format":"standard","meta":{"fifu_image_url":"https:\/\/aujourdhui.ma\/wp-content\/uploads\/2022\/03\/journe\u0301es-Chambre-de-commerce-dindustrie-et-de-services-de-la-re\u0301gion-de-Tanger-Te\u0301touan-Al-Hoceima-CCIS-TTA-et-la-Commune-de-Te\u0301touan-300x153.jpg","fifu_image_alt":"Des journ\u00e9es pour promouvoir le commerce \u00e0 T\u00e9touan","footnotes":""},"categories":[73,54],"tags":[],"class_list":["post-142511","post","type-post","status-publish","format-standard","hentry","category-actualite","category-maroc"],"_links":{"self":[{"href":"https:\/\/linitiative.ca\/International\/wp-json\/wp\/v2\/posts\/142511","targetHints":{"allow":["GET"]}}],"collection":[{"href":"https:\/\/linitiative.ca\/International\/wp-json\/wp\/v2\/posts"}],"about":[{"href":"https:\/\/linitiative.ca\/International\/wp-json\/wp\/v2\/types\/post"}],"author":[{"embeddable":true,"href":"https:\/\/linitiative.ca\/International\/wp-json\/wp\/v2\/users\/1759"}],"replies":[{"embeddable":true,"href":"https:\/\/linitiative.ca\/International\/wp-json\/wp\/v2\/comments?post=142511"}],"version-history":[{"count":0,"href":"https:\/\/linitiative.ca\/International\/wp-json\/wp\/v2\/posts\/142511\/revisions"}],"wp:attachment":[{"href":"https:\/\/linitiative.ca\/International\/wp-json\/wp\/v2\/media?parent=142511"}],"wp:term":[{"taxonomy":"category","embeddable":true,"href":"https:\/\/linitiative.ca\/International\/wp-json\/wp\/v2\/categories?post=142511"},{"taxonomy":"post_tag","embeddable":true,"href":"https:\/\/linitiative.ca\/International\/wp-json\/wp\/v2\/tags?post=142511"}],"curies":[{"name":"wp","href":"https:\/\/api.w.org\/{rel}","templated":true}]}}