{"id":14252,"date":"2019-02-14T15:13:56","date_gmt":"2019-02-14T20:13:56","guid":{"rendered":"https:\/\/linitiative.ca\/International\/international-atletico-madrid-simeone-prolonge-jusquen-2022-off\/"},"modified":"2019-02-14T15:13:56","modified_gmt":"2019-02-14T20:13:56","slug":"international-atletico-madrid-simeone-prolonge-jusquen-2022-off","status":"publish","type":"post","link":"https:\/\/linitiative.ca\/International\/international-atletico-madrid-simeone-prolonge-jusquen-2022-off\/","title":{"rendered":"International : Atletico Madrid: Simeone prolonge jusqu&rsquo;en 2022 (off.)"},"content":{"rendered":"<div readability=\"32\">\n<p>Auteur : <span class=\"time\">jeudi 14 f\u00e9vrier 2019 17:53<\/span><\/p>\n<\/div>\n<div id=\"post_core\" readability=\"39\">\n<p>Diego Simeone se sent bien \u00e0 l&rsquo;Atletico Madrid et compte bien rester encore quelques ann\u00e9es chez les Colchoneros. Le club madril\u00e8ne annonce ce jeudi la prolongation de son entra\u00eeneur jusqu&rsquo;en 2022. L&rsquo;Argentin, arriv\u00e9 en 2011 dans la capitale espagnole, \u00e9tait li\u00e9 aux Rojiblancos jusqu&rsquo;en 2020 avant d&rsquo;\u00e9tendre son bail rapporte Maxifoot.fr.<\/p>\n<p><strong>Publi\u00e9 dans :<\/strong> <span>Atl\u00e9tico Madrid<\/span> <span>simeone<\/span><\/p>\n<\/div>\n<p>Auteur:<br \/>\n<a href=\"http:\/\/www.lebuteur.com\/article\/detail?titre=atletico-madrid-simeone-prolonge-jusquen-2022-off&#038;id=86387&#038;utm_source=feedburner&#038;utm_medium=feed&#038;utm_campaign=Feed%3A+GalerieFArtciles+%28Les+derniers+articles++-+lebuteur.com%29\">Cliquez ici pour lire l&rsquo;article depuis sa source.<\/a><\/p>\n","protected":false},"excerpt":{"rendered":"<p>Auteur : jeudi 14 f\u00e9vrier 2019 17:53 Diego Simeone se sent bien \u00e0 l&rsquo;Atletico Madrid et compte bien rester encore quelques ann\u00e9es chez les Colchoneros. Le club madril\u00e8ne annonce ce jeudi la prolongation de son entra\u00eeneur jusqu&rsquo;en 2022. L&rsquo;Argentin, arriv\u00e9 en 2011 dans la capitale espagnole, \u00e9tait li\u00e9 aux Rojiblancos jusqu&rsquo;en 2020 avant d&rsquo;\u00e9tendre son [&hellip;]<\/p>\n","protected":false},"author":1738,"featured_media":14253,"comment_status":"closed","ping_status":"closed","sticky":false,"template":"","format":"standard","meta":{"fifu_image_url":"","fifu_image_alt":"","footnotes":""},"categories":[53,75],"tags":[],"class_list":["post-14252","post","type-post","status-publish","format-standard","has-post-thumbnail","hentry","category-algerie","category-sport"],"_links":{"self":[{"href":"https:\/\/linitiative.ca\/International\/wp-json\/wp\/v2\/posts\/14252","targetHints":{"allow":["GET"]}}],"collection":[{"href":"https:\/\/linitiative.ca\/International\/wp-json\/wp\/v2\/posts"}],"about":[{"href":"https:\/\/linitiative.ca\/International\/wp-json\/wp\/v2\/types\/post"}],"author":[{"embeddable":true,"href":"https:\/\/linitiative.ca\/International\/wp-json\/wp\/v2\/users\/1738"}],"replies":[{"embeddable":true,"href":"https:\/\/linitiative.ca\/International\/wp-json\/wp\/v2\/comments?post=14252"}],"version-history":[{"count":0,"href":"https:\/\/linitiative.ca\/International\/wp-json\/wp\/v2\/posts\/14252\/revisions"}],"wp:featuredmedia":[{"embeddable":true,"href":"https:\/\/linitiative.ca\/International\/wp-json\/"}],"wp:attachment":[{"href":"https:\/\/linitiative.ca\/International\/wp-json\/wp\/v2\/media?parent=14252"}],"wp:term":[{"taxonomy":"category","embeddable":true,"href":"https:\/\/linitiative.ca\/International\/wp-json\/wp\/v2\/categories?post=14252"},{"taxonomy":"post_tag","embeddable":true,"href":"https:\/\/linitiative.ca\/International\/wp-json\/wp\/v2\/tags?post=14252"}],"curies":[{"name":"wp","href":"https:\/\/api.w.org\/{rel}","templated":true}]}}