{"id":142520,"date":"2022-03-07T09:43:27","date_gmt":"2022-03-07T14:43:27","guid":{"rendered":"https:\/\/linitiative.ca\/International\/le-conseil-du-gouvernement-se-penche-sur-les-armes-a-feu\/"},"modified":"2022-03-07T09:43:27","modified_gmt":"2022-03-07T14:43:27","slug":"le-conseil-du-gouvernement-se-penche-sur-les-armes-a-feu","status":"publish","type":"post","link":"https:\/\/linitiative.ca\/International\/le-conseil-du-gouvernement-se-penche-sur-les-armes-a-feu\/","title":{"rendered":"Le Conseil du gouvernement se penche sur les armes \u00e0 feu"},"content":{"rendered":"<div>\n<div class=\"field field-name-body field-type-text-with-summary field-label-hidden\">\n<div class=\"field-items\">\n<div class=\"field-item even\" property=\"content:encoded\">\n<p class=\"rtejustify\">Le Conseil du gouvernement se penchera, jeudi, sur le projet de loi relatif aux armes \u00e0 feu et \u00e0 leurs pi\u00e8ces, \u00e9l\u00e9ments, accessoires et munitions, indique lundi un communiqu\u00e9 du d\u00e9partement du chef du gouvernement.<\/p>\n<\/div>\n<\/div>\n<\/div>\n<\/div>\n<p>Auteur: hgueye<br \/>\n<a href=\"https:\/\/www.leconomiste.com\/flash-infos\/le-conseil-du-gouvernement-se-penche-sur-les-armes-feu\">Cliquez ici pour lire l&rsquo;article depuis sa source.<\/a><\/p>\n","protected":false},"excerpt":{"rendered":"<p>Le Conseil du gouvernement se penchera, jeudi, sur le projet de loi relatif aux armes \u00e0 feu et \u00e0 leurs pi\u00e8ces, \u00e9l\u00e9ments, accessoires et munitions, indique lundi un communiqu\u00e9 du d\u00e9partement du chef du gouvernement. Auteur: hgueye Cliquez ici pour lire l&rsquo;article depuis sa source.<\/p>\n","protected":false},"author":1763,"featured_media":0,"comment_status":"closed","ping_status":"closed","sticky":false,"template":"","format":"standard","meta":{"fifu_image_url":"","fifu_image_alt":"","footnotes":""},"categories":[78,54],"tags":[],"class_list":["post-142520","post","type-post","status-publish","format-standard","hentry","category-economie","category-maroc"],"_links":{"self":[{"href":"https:\/\/linitiative.ca\/International\/wp-json\/wp\/v2\/posts\/142520","targetHints":{"allow":["GET"]}}],"collection":[{"href":"https:\/\/linitiative.ca\/International\/wp-json\/wp\/v2\/posts"}],"about":[{"href":"https:\/\/linitiative.ca\/International\/wp-json\/wp\/v2\/types\/post"}],"author":[{"embeddable":true,"href":"https:\/\/linitiative.ca\/International\/wp-json\/wp\/v2\/users\/1763"}],"replies":[{"embeddable":true,"href":"https:\/\/linitiative.ca\/International\/wp-json\/wp\/v2\/comments?post=142520"}],"version-history":[{"count":0,"href":"https:\/\/linitiative.ca\/International\/wp-json\/wp\/v2\/posts\/142520\/revisions"}],"wp:attachment":[{"href":"https:\/\/linitiative.ca\/International\/wp-json\/wp\/v2\/media?parent=142520"}],"wp:term":[{"taxonomy":"category","embeddable":true,"href":"https:\/\/linitiative.ca\/International\/wp-json\/wp\/v2\/categories?post=142520"},{"taxonomy":"post_tag","embeddable":true,"href":"https:\/\/linitiative.ca\/International\/wp-json\/wp\/v2\/tags?post=142520"}],"curies":[{"name":"wp","href":"https:\/\/api.w.org\/{rel}","templated":true}]}}