{"id":142523,"date":"2022-03-07T10:56:14","date_gmt":"2022-03-07T15:56:14","guid":{"rendered":"https:\/\/linitiative.ca\/International\/accor-equipe-ses-hotels-de-superchargeurs-tesla\/"},"modified":"2022-03-07T10:56:14","modified_gmt":"2022-03-07T15:56:14","slug":"accor-equipe-ses-hotels-de-superchargeurs-tesla","status":"publish","type":"post","link":"https:\/\/linitiative.ca\/International\/accor-equipe-ses-hotels-de-superchargeurs-tesla\/","title":{"rendered":"Accor \u00e9quipe ses h\u00f4tels de superchargeurs Tesla"},"content":{"rendered":"<div>\n<div class=\"field field-name-body field-type-text-with-summary field-label-hidden\">\n<div class=\"field-items\">\n<div class=\"field-item even\" property=\"content:encoded\">\n<p class=\"rtejustify\">Accor dote trois de ses h\u00f4tels dans le Royaume de superchargeurs Tesla. Au total, 12 superchargeurs ont \u00e9t\u00e9 install\u00e9s dans ces \u00e9tablissements (Sofitel Rabat jardin des Roses, Sofitel Agadir Thalassa Sea &amp; Spa et Sofitel Marrakech) pour permettre aux\u00a0propri\u00e9taires de v\u00e9hicules Tesla de recharger leurs voitures en quelques minutes. Ces points de charge disposent d\u2019une puissance de recharge allant jusqu\u2019\u00e0 150 kW.<\/p>\n<\/div>\n<\/div>\n<\/div>\n<\/div>\n<p>Auteur: hgueye<br \/>\n<a href=\"https:\/\/www.leconomiste.com\/flash-infos\/accor-equipe-ses-hotels-de-superchargeurs-tesla\">Cliquez ici pour lire l&rsquo;article depuis sa source.<\/a><\/p>\n","protected":false},"excerpt":{"rendered":"<p>Accor dote trois de ses h\u00f4tels dans le Royaume de superchargeurs Tesla. Au total, 12 superchargeurs ont \u00e9t\u00e9 install\u00e9s dans ces \u00e9tablissements (Sofitel Rabat jardin des Roses, Sofitel Agadir Thalassa Sea &amp; Spa et Sofitel Marrakech) pour permettre aux\u00a0propri\u00e9taires de v\u00e9hicules Tesla de recharger leurs voitures en quelques minutes. Ces points de charge disposent d\u2019une [&hellip;]<\/p>\n","protected":false},"author":1763,"featured_media":0,"comment_status":"closed","ping_status":"closed","sticky":false,"template":"","format":"standard","meta":{"fifu_image_url":"","fifu_image_alt":"","footnotes":""},"categories":[78,54],"tags":[],"class_list":["post-142523","post","type-post","status-publish","format-standard","hentry","category-economie","category-maroc"],"_links":{"self":[{"href":"https:\/\/linitiative.ca\/International\/wp-json\/wp\/v2\/posts\/142523","targetHints":{"allow":["GET"]}}],"collection":[{"href":"https:\/\/linitiative.ca\/International\/wp-json\/wp\/v2\/posts"}],"about":[{"href":"https:\/\/linitiative.ca\/International\/wp-json\/wp\/v2\/types\/post"}],"author":[{"embeddable":true,"href":"https:\/\/linitiative.ca\/International\/wp-json\/wp\/v2\/users\/1763"}],"replies":[{"embeddable":true,"href":"https:\/\/linitiative.ca\/International\/wp-json\/wp\/v2\/comments?post=142523"}],"version-history":[{"count":0,"href":"https:\/\/linitiative.ca\/International\/wp-json\/wp\/v2\/posts\/142523\/revisions"}],"wp:attachment":[{"href":"https:\/\/linitiative.ca\/International\/wp-json\/wp\/v2\/media?parent=142523"}],"wp:term":[{"taxonomy":"category","embeddable":true,"href":"https:\/\/linitiative.ca\/International\/wp-json\/wp\/v2\/categories?post=142523"},{"taxonomy":"post_tag","embeddable":true,"href":"https:\/\/linitiative.ca\/International\/wp-json\/wp\/v2\/tags?post=142523"}],"curies":[{"name":"wp","href":"https:\/\/api.w.org\/{rel}","templated":true}]}}