{"id":142524,"date":"2022-03-07T11:25:52","date_gmt":"2022-03-07T16:25:52","guid":{"rendered":"https:\/\/linitiative.ca\/International\/casa-settat-des-projets-de-developpement-de-29-milliards-de-dh-adoptes\/"},"modified":"2022-03-07T11:25:52","modified_gmt":"2022-03-07T16:25:52","slug":"casa-settat-des-projets-de-developpement-de-29-milliards-de-dh-adoptes","status":"publish","type":"post","link":"https:\/\/linitiative.ca\/International\/casa-settat-des-projets-de-developpement-de-29-milliards-de-dh-adoptes\/","title":{"rendered":"Casa-Settat: Des projets de d\u00e9veloppement de 2,9 milliards de DH adopt\u00e9s"},"content":{"rendered":"<div>\n<div class=\"field field-name-body field-type-text-with-summary field-label-hidden\">\n<div class=\"field-items\">\n<div class=\"field-item even\" property=\"content:encoded\">\n<p class=\"rtejustify\">Le Conseil de la r\u00e9gion Casablanca-Settat a adopt\u00e9, lundi lors de sa session ordinaire de mars tenue \u00e0 Benslimane, une s\u00e9rie de projets de d\u00e9veloppement \u00e0 caract\u00e8re \u00e9conomique, \u00e9cologique et socio-culturel, pour un investissement global de plus de 2,9 milliards de DH.<\/p>\n<\/div>\n<\/div>\n<\/div>\n<\/div>\n<p>Auteur: hgueye<br \/>\n<a href=\"https:\/\/www.leconomiste.com\/flash-infos\/casa-settat-des-projets-de-developpement-de-2-9-milliards-de-dh-adoptes\">Cliquez ici pour lire l&rsquo;article depuis sa source.<\/a><\/p>\n","protected":false},"excerpt":{"rendered":"<p>Le Conseil de la r\u00e9gion Casablanca-Settat a adopt\u00e9, lundi lors de sa session ordinaire de mars tenue \u00e0 Benslimane, une s\u00e9rie de projets de d\u00e9veloppement \u00e0 caract\u00e8re \u00e9conomique, \u00e9cologique et socio-culturel, pour un investissement global de plus de 2,9 milliards de DH. Auteur: hgueye Cliquez ici pour lire l&rsquo;article depuis sa source.<\/p>\n","protected":false},"author":1763,"featured_media":0,"comment_status":"closed","ping_status":"closed","sticky":false,"template":"","format":"standard","meta":{"fifu_image_url":"","fifu_image_alt":"","footnotes":""},"categories":[78,54],"tags":[],"class_list":["post-142524","post","type-post","status-publish","format-standard","hentry","category-economie","category-maroc"],"_links":{"self":[{"href":"https:\/\/linitiative.ca\/International\/wp-json\/wp\/v2\/posts\/142524","targetHints":{"allow":["GET"]}}],"collection":[{"href":"https:\/\/linitiative.ca\/International\/wp-json\/wp\/v2\/posts"}],"about":[{"href":"https:\/\/linitiative.ca\/International\/wp-json\/wp\/v2\/types\/post"}],"author":[{"embeddable":true,"href":"https:\/\/linitiative.ca\/International\/wp-json\/wp\/v2\/users\/1763"}],"replies":[{"embeddable":true,"href":"https:\/\/linitiative.ca\/International\/wp-json\/wp\/v2\/comments?post=142524"}],"version-history":[{"count":0,"href":"https:\/\/linitiative.ca\/International\/wp-json\/wp\/v2\/posts\/142524\/revisions"}],"wp:attachment":[{"href":"https:\/\/linitiative.ca\/International\/wp-json\/wp\/v2\/media?parent=142524"}],"wp:term":[{"taxonomy":"category","embeddable":true,"href":"https:\/\/linitiative.ca\/International\/wp-json\/wp\/v2\/categories?post=142524"},{"taxonomy":"post_tag","embeddable":true,"href":"https:\/\/linitiative.ca\/International\/wp-json\/wp\/v2\/tags?post=142524"}],"curies":[{"name":"wp","href":"https:\/\/api.w.org\/{rel}","templated":true}]}}