{"id":142526,"date":"2022-03-07T05:40:00","date_gmt":"2022-03-07T10:40:00","guid":{"rendered":"https:\/\/linitiative.ca\/International\/milan-ac-pioli-encense-bennacer-jai-pour-habitude-de-souligner-lesprit-dequipe-mais-cette-fois-je-veux-feliciter-bennacer\/"},"modified":"2022-03-07T05:40:00","modified_gmt":"2022-03-07T10:40:00","slug":"milan-ac-pioli-encense-bennacer-jai-pour-habitude-de-souligner-lesprit-dequipe-mais-cette-fois-je-veux-feliciter-bennacer","status":"publish","type":"post","link":"https:\/\/linitiative.ca\/International\/milan-ac-pioli-encense-bennacer-jai-pour-habitude-de-souligner-lesprit-dequipe-mais-cette-fois-je-veux-feliciter-bennacer\/","title":{"rendered":"Milan AC &#8211; Pioli encense Bennacer : \u00ab\u00a0J&rsquo;ai pour habitude de souligner l&rsquo;esprit d&rsquo;\u00e9quipe, mais cette fois je veux f\u00e9liciter Bennacer\u00a0\u00bb"},"content":{"rendered":"<div>Isma\u00ebl Bennacer aura \u00e9t\u00e9 le meilleur joueur du Milan AC \u00e0 l&rsquo;occasion du choc face \u00e0 Naples remport\u00e9 sur le score de 1-0&#8230;<\/div>\n<p>Auteur:<br \/>\n<a href=\"https:\/\/www.lebuteur.com\/article\/detail?titre=milan-ac-pioli-encense-bennacer-jai-pour-habitude-de-souligner-lesprit-dequipe-mais-cette-fois-je-veux-feliciter-bennacer&#038;id=102444\">Cliquez ici pour lire l&rsquo;article depuis sa source.<\/a><\/p>\n","protected":false},"excerpt":{"rendered":"<p>Isma\u00ebl Bennacer aura \u00e9t\u00e9 le meilleur joueur du Milan AC \u00e0 l&rsquo;occasion du choc face \u00e0 Naples remport\u00e9 sur le score de 1-0&#8230; Auteur: Cliquez ici pour lire l&rsquo;article depuis sa source.<\/p>\n","protected":false},"author":1738,"featured_media":0,"comment_status":"closed","ping_status":"closed","sticky":false,"template":"","format":"standard","meta":{"fifu_image_url":"","fifu_image_alt":"","footnotes":""},"categories":[53,75],"tags":[],"class_list":["post-142526","post","type-post","status-publish","format-standard","hentry","category-algerie","category-sport"],"_links":{"self":[{"href":"https:\/\/linitiative.ca\/International\/wp-json\/wp\/v2\/posts\/142526","targetHints":{"allow":["GET"]}}],"collection":[{"href":"https:\/\/linitiative.ca\/International\/wp-json\/wp\/v2\/posts"}],"about":[{"href":"https:\/\/linitiative.ca\/International\/wp-json\/wp\/v2\/types\/post"}],"author":[{"embeddable":true,"href":"https:\/\/linitiative.ca\/International\/wp-json\/wp\/v2\/users\/1738"}],"replies":[{"embeddable":true,"href":"https:\/\/linitiative.ca\/International\/wp-json\/wp\/v2\/comments?post=142526"}],"version-history":[{"count":0,"href":"https:\/\/linitiative.ca\/International\/wp-json\/wp\/v2\/posts\/142526\/revisions"}],"wp:attachment":[{"href":"https:\/\/linitiative.ca\/International\/wp-json\/wp\/v2\/media?parent=142526"}],"wp:term":[{"taxonomy":"category","embeddable":true,"href":"https:\/\/linitiative.ca\/International\/wp-json\/wp\/v2\/categories?post=142526"},{"taxonomy":"post_tag","embeddable":true,"href":"https:\/\/linitiative.ca\/International\/wp-json\/wp\/v2\/tags?post=142526"}],"curies":[{"name":"wp","href":"https:\/\/api.w.org\/{rel}","templated":true}]}}