{"id":142533,"date":"2022-03-07T11:00:00","date_gmt":"2022-03-07T16:00:00","guid":{"rendered":"https:\/\/linitiative.ca\/International\/oit-subventions-durgence-au-profit-de-22-organisations-feminines-de-leconomie-sociale-et-solidaire-partenaires-du-projet-forteress-album-photos\/"},"modified":"2022-03-07T11:00:00","modified_gmt":"2022-03-07T16:00:00","slug":"oit-subventions-durgence-au-profit-de-22-organisations-feminines-de-leconomie-sociale-et-solidaire-partenaires-du-projet-forteress-album-photos","status":"publish","type":"post","link":"https:\/\/linitiative.ca\/International\/oit-subventions-durgence-au-profit-de-22-organisations-feminines-de-leconomie-sociale-et-solidaire-partenaires-du-projet-forteress-album-photos\/","title":{"rendered":"OIT: Subventions d\u2019urgence au profit de 22 organisations f\u00e9minines de l\u2019\u00e9conomie sociale et solidaire partenaires du projet FORTER\u2019ESS (Album photos)"},"content":{"rendered":"<div><img decoding=\"async\" src=\"https:\/\/linitiative.ca\/International\/wp-content\/uploads\/sites\/23\/2022\/03\/1646655810_article.jpg\" alt=\"Organisation Internationale du Travail: Subventions d\u2019urgence au profit de 22 organisations f\u00e9minines de l\u2019\u00e9conomie sociale et solidaire partenaires du projet FORTER\u2019ESS\" align=\"left\">Vingt-deux organisations f\u00e9minines de l\u2019\u00e9conomie sociale et solidaire (ESS) \u0153uvrant dans les gouvernorats de B\u00e9ja, Jendouba et le Kef viennent de b\u00e9n\u00e9ficier d\u2019une subvention d\u2019urgence octroy\u00e9e par l\u2019Organisation Internationale du Travail (OIT). Cette action s\u2019inscrit dans le cadre du projet FORTER\u2019ESS pour \u00ab Le renforcement de la r\u00e9silience des organisations f\u00e9minines de l\u2019\u00e9conomie sociale et solidaire (ESS) affect\u00e9es par la COVID-19 en Tunisie \u00bb,pilot\u00e9 par l\u2019OIT et visant les femmes travaillant dans les zones rurales. La c\u00e9r\u00e9monie de remise des subvention s\u2019est d\u00e9roul\u00e9e vendredi 4 mars 2022 \u00e0 Tunis, en pr\u00e9sence de l\u2019ambassadeur du Canada en Tunisie, &#8230;<\/p>\n<\/div>\n<p>Auteur:<br \/>\n<a href=\"https:\/\/www.leaders.com.tn\/article\/33058-oit-subventions-d-urgence-au-profit-de-22-organisations-feminines-de-l-economie-sociale-et-solidaire-partenaires-du-projet-forter-ess-album-photos\">Cliquez ici pour lire l&rsquo;article depuis sa source.<\/a><\/p>\n","protected":false},"excerpt":{"rendered":"<p>Vingt-deux organisations f\u00e9minines de l\u2019\u00e9conomie sociale et solidaire (ESS) \u0153uvrant dans les gouvernorats de B\u00e9ja, Jendouba et le Kef viennent de b\u00e9n\u00e9ficier d\u2019une subvention d\u2019urgence octroy\u00e9e par l\u2019Organisation Internationale du Travail (OIT). Cette action s\u2019inscrit dans le cadre du projet FORTER\u2019ESS pour \u00ab Le renforcement de la r\u00e9silience des organisations f\u00e9minines de l\u2019\u00e9conomie sociale et [&hellip;]<\/p>\n","protected":false},"author":1772,"featured_media":0,"comment_status":"closed","ping_status":"closed","sticky":false,"template":"","format":"standard","meta":{"fifu_image_url":"http:\/\/www.leaders.com.tn\/uploads\/content\/thumbnails_small\/1646655810_article.jpg","fifu_image_alt":"OIT: Subventions d\u2019urgence au profit de 22 organisations f\u00e9minines de l\u2019\u00e9conomie sociale et solidaire partenaires du projet FORTER\u2019ESS (Album photos)","footnotes":""},"categories":[73,55],"tags":[],"class_list":["post-142533","post","type-post","status-publish","format-standard","hentry","category-actualite","category-tunisie"],"_links":{"self":[{"href":"https:\/\/linitiative.ca\/International\/wp-json\/wp\/v2\/posts\/142533","targetHints":{"allow":["GET"]}}],"collection":[{"href":"https:\/\/linitiative.ca\/International\/wp-json\/wp\/v2\/posts"}],"about":[{"href":"https:\/\/linitiative.ca\/International\/wp-json\/wp\/v2\/types\/post"}],"author":[{"embeddable":true,"href":"https:\/\/linitiative.ca\/International\/wp-json\/wp\/v2\/users\/1772"}],"replies":[{"embeddable":true,"href":"https:\/\/linitiative.ca\/International\/wp-json\/wp\/v2\/comments?post=142533"}],"version-history":[{"count":0,"href":"https:\/\/linitiative.ca\/International\/wp-json\/wp\/v2\/posts\/142533\/revisions"}],"wp:attachment":[{"href":"https:\/\/linitiative.ca\/International\/wp-json\/wp\/v2\/media?parent=142533"}],"wp:term":[{"taxonomy":"category","embeddable":true,"href":"https:\/\/linitiative.ca\/International\/wp-json\/wp\/v2\/categories?post=142533"},{"taxonomy":"post_tag","embeddable":true,"href":"https:\/\/linitiative.ca\/International\/wp-json\/wp\/v2\/tags?post=142533"}],"curies":[{"name":"wp","href":"https:\/\/api.w.org\/{rel}","templated":true}]}}