{"id":142535,"date":"2022-03-07T12:07:00","date_gmt":"2022-03-07T17:07:00","guid":{"rendered":"https:\/\/linitiative.ca\/International\/lallemagne-partenaire-de-premier-ordre-pour-la-transition-energetique-en-tunisie\/"},"modified":"2022-03-07T12:07:00","modified_gmt":"2022-03-07T17:07:00","slug":"lallemagne-partenaire-de-premier-ordre-pour-la-transition-energetique-en-tunisie","status":"publish","type":"post","link":"https:\/\/linitiative.ca\/International\/lallemagne-partenaire-de-premier-ordre-pour-la-transition-energetique-en-tunisie\/","title":{"rendered":"L\u2019Allemagne partenaire de premier ordre pour la transition \u00e9nerg\u00e9tique en Tunisie"},"content":{"rendered":"<div><img decoding=\"async\" src=\"https:\/\/linitiative.ca\/International\/wp-content\/uploads\/sites\/23\/2022\/03\/1646669862_article.jpg\" alt=\"L\u2019Allemagne partenaire de premier ordre pour la transition \u00e9nerg\u00e9tique en Tunisie\" align=\"left\">La Banque Allemande de D\u00e9veloppement, KfW a inaugur\u00e9 le samedi 5 mars 2022 la centrale photovolta\u00efque Tozeur II \u00e0 Tozeur sous le haut patronage de Madame Neila Nouira Gongi, Ministre de l\u2019Industrie, des Mines et de l\u2019Energie, S.E. Monsieur Peter Pr\u00fcgel, Ambassadeur de la R\u00e9publique F\u00e9d\u00e9ral d\u2019Allemagne \u00e0 Tunis, Monsieur Hichem Anene, Pr\u00e9sident Directeur G\u00e9n\u00e9ral de la Soci\u00e9t\u00e9 Tunisienne de l&rsquo;Electricit\u00e9 et du Gaz (STEG) et Madame Henrike Trautmann, Directrice pour le voisinage m\u00e9ridional de la Direction G\u00e9n\u00e9rale du voisinage et des n\u00e9gociations d\u2019\u00e9largissement de la Commission europ\u00e9enne.<br \/>\n\u00ab Les centrales Tozeur I et Tozeur II qui repr\u00e9sentent les deux &#8230;<\/p>\n<\/div>\n<p>Auteur:<br \/>\n<a href=\"https:\/\/www.leaders.com.tn\/article\/33059-l-allemagne-partenaire-de-premier-ordre-pour-la-transition-energetique-en-tunisie\">Cliquez ici pour lire l&rsquo;article depuis sa source.<\/a><\/p>\n","protected":false},"excerpt":{"rendered":"<p>La Banque Allemande de D\u00e9veloppement, KfW a inaugur\u00e9 le samedi 5 mars 2022 la centrale photovolta\u00efque Tozeur II \u00e0 Tozeur sous le haut patronage de Madame Neila Nouira Gongi, Ministre de l\u2019Industrie, des Mines et de l\u2019Energie, S.E. Monsieur Peter Pr\u00fcgel, Ambassadeur de la R\u00e9publique F\u00e9d\u00e9ral d\u2019Allemagne \u00e0 Tunis, Monsieur Hichem Anene, Pr\u00e9sident Directeur G\u00e9n\u00e9ral [&hellip;]<\/p>\n","protected":false},"author":1772,"featured_media":0,"comment_status":"closed","ping_status":"closed","sticky":false,"template":"","format":"standard","meta":{"fifu_image_url":"http:\/\/www.leaders.com.tn\/uploads\/content\/thumbnails_small\/1646669862_article.jpg","fifu_image_alt":"L\u2019Allemagne partenaire de premier ordre pour la transition \u00e9nerg\u00e9tique en Tunisie","footnotes":""},"categories":[73,55],"tags":[],"class_list":["post-142535","post","type-post","status-publish","format-standard","hentry","category-actualite","category-tunisie"],"_links":{"self":[{"href":"https:\/\/linitiative.ca\/International\/wp-json\/wp\/v2\/posts\/142535","targetHints":{"allow":["GET"]}}],"collection":[{"href":"https:\/\/linitiative.ca\/International\/wp-json\/wp\/v2\/posts"}],"about":[{"href":"https:\/\/linitiative.ca\/International\/wp-json\/wp\/v2\/types\/post"}],"author":[{"embeddable":true,"href":"https:\/\/linitiative.ca\/International\/wp-json\/wp\/v2\/users\/1772"}],"replies":[{"embeddable":true,"href":"https:\/\/linitiative.ca\/International\/wp-json\/wp\/v2\/comments?post=142535"}],"version-history":[{"count":0,"href":"https:\/\/linitiative.ca\/International\/wp-json\/wp\/v2\/posts\/142535\/revisions"}],"wp:attachment":[{"href":"https:\/\/linitiative.ca\/International\/wp-json\/wp\/v2\/media?parent=142535"}],"wp:term":[{"taxonomy":"category","embeddable":true,"href":"https:\/\/linitiative.ca\/International\/wp-json\/wp\/v2\/categories?post=142535"},{"taxonomy":"post_tag","embeddable":true,"href":"https:\/\/linitiative.ca\/International\/wp-json\/wp\/v2\/tags?post=142535"}],"curies":[{"name":"wp","href":"https:\/\/api.w.org\/{rel}","templated":true}]}}